{"id":19971,"date":"2021-10-11T10:12:29","date_gmt":"2021-10-11T10:12:29","guid":{"rendered":"https:\/\/parafiarososzyca.pl\/?p=19971"},"modified":"2021-11-12T10:16:57","modified_gmt":"2021-11-12T10:16:57","slug":"pielgrzymka-na-jasna-gore-w-czestochowie","status":"publish","type":"post","link":"https:\/\/parafiarososzyca.pl\/index.php\/2021\/10\/11\/pielgrzymka-na-jasna-gore-w-czestochowie\/","title":{"rendered":"Pielgrzymka na Jasn\u0105 G\u00f3r\u0119 w Cz\u0119stochowie"},"content":{"rendered":"<p style=\"text-align: justify;\">11 pa\u017adziernika do Cz\u0119stochowy wyjechali uczniowie klasy V wraz z rodzinami i parafianami. Czas pandemii spowodowa\u0142, \u017ce nie mogli wyjecha\u0107 po uroczysto\u015bci I Komunii, wi\u0119c wsp\u00f3lny wyjazd zosta\u0142 zorganizowany po rocznicy Komunii \u015bw. <!--more-->Uczestnicy brali udzia\u0142 w Mszy \u015bw. dzi\u0119kczynnej, zwiedzili jasnog\u00f3rskie muzea, poznali histori\u0119 tego niezwyk\u0142ego miejsca. A na wa\u0142ach wsp\u00f3lnie poprowadzili drog\u0119 krzy\u017cow\u0105.<\/p>\nngg_shortcode_0_placeholder\n","protected":false},"excerpt":{"rendered":"<p>11 pa\u017adziernika do Cz\u0119stochowy wyjechali uczniowie klasy V wraz z rodzinami i parafianami. Czas pandemii spowodowa\u0142, \u017ce nie mogli wyjecha\u0107 po uroczysto\u015bci I Komunii, wi\u0119c wsp\u00f3lny wyjazd zosta\u0142 zorganizowany po rocznicy Komunii \u015bw.<\/p>\n","protected":false},"author":1,"featured_media":0,"comment_status":"closed","ping_status":"closed","sticky":false,"template":"","format":"standard","meta":{"ngg_post_thumbnail":0,"footnotes":"","_links_to":"","_links_to_target":""},"categories":[12],"tags":[],"class_list":{"0":"entry","1":"post","2":"publish","3":"author-admin","4":"has-more-link","5":"post-19971","7":"format-standard","8":"category-rok-2021"},"_links":{"self":[{"href":"https:\/\/parafiarososzyca.pl\/index.php\/wp-json\/wp\/v2\/posts\/19971","targetHints":{"allow":["GET"]}}],"collection":[{"href":"https:\/\/parafiarososzyca.pl\/index.php\/wp-json\/wp\/v2\/posts"}],"about":[{"href":"https:\/\/parafiarososzyca.pl\/index.php\/wp-json\/wp\/v2\/types\/post"}],"author":[{"embeddable":true,"href":"https:\/\/parafiarososzyca.pl\/index.php\/wp-json\/wp\/v2\/users\/1"}],"replies":[{"embeddable":true,"href":"https:\/\/parafiarososzyca.pl\/index.php\/wp-json\/wp\/v2\/comments?post=19971"}],"version-history":[{"count":0,"href":"https:\/\/parafiarososzyca.pl\/index.php\/wp-json\/wp\/v2\/posts\/19971\/revisions"}],"wp:attachment":[{"href":"https:\/\/parafiarososzyca.pl\/index.php\/wp-json\/wp\/v2\/media?parent=19971"}],"wp:term":[{"taxonomy":"category","embeddable":true,"href":"https:\/\/parafiarososzyca.pl\/index.php\/wp-json\/wp\/v2\/categories?post=19971"},{"taxonomy":"post_tag","embeddable":true,"href":"https:\/\/parafiarososzyca.pl\/index.php\/wp-json\/wp\/v2\/tags?post=19971"}],"curies":[{"name":"wp","href":"https:\/\/api.w.org\/{rel}","templated":true}]}}