{"id":19964,"date":"2021-11-02T05:19:49","date_gmt":"2021-11-02T05:19:49","guid":{"rendered":"https:\/\/parafiarososzyca.pl\/?p=19964"},"modified":"2021-10-31T07:22:38","modified_gmt":"2021-10-31T07:22:38","slug":"19964","status":"publish","type":"post","link":"https:\/\/parafiarososzyca.pl\/index.php\/2021\/11\/02\/19964\/","title":{"rendered":"Zaduszki"},"content":{"rendered":"<p style=\"text-align: justify;\">\u015awi\u0119to obchodzone 2 listopada, dzie\u0144 po Wszystkich \u015awi\u0119tych. Tradycyjnie jest to dzie\u0144 modlitwy za dusze zmar\u0142ych \u2013 zw\u0142aszcza te, kt\u00f3re przebywaj\u0105 w czy\u015b\u0107cu.<!--more--><\/p>\n<p style=\"text-align: justify;\">Zaduszki maj\u0105 swoje korzenie w dawnych poga\u0144skim zwyczaju dziad\u00f3w, opisanym m.in. w s\u0142ynnym dramacie Adama Mickiewicza. S\u0142owianie obchodzili dziady dwa razy w roku \u2013 wiosn\u0105 na pocz\u0105tku maja i jesieni\u0105 na pocz\u0105tku listopada. G\u0142\u00f3wnym elementem obchod\u00f3w by\u0142o nawi\u0105zanie kontaktu ze zmar\u0142ymi duchami i uzyskanie ich przychylno\u015bci. Aby zb\u0142\u0105kane dusze mog\u0142y odnale\u017a\u0107 drog\u0119 do swoich dom\u00f3w, na rozstajach rozpalano ogniska. Mia\u0142y one r\u00f3wnie\u017c uniemo\u017cliwi\u0107 ujawnienie si\u0119 upior\u00f3w \u2013 czyli duch\u00f3w os\u00f3b zmar\u0142ych \u015bmierci\u0105 niegodn\u0105, na przyk\u0142ad samob\u00f3jcz\u0105. Przed domy lub na groby wynoszono r\u00f3wnie\u017c straw\u0119 (zwykle mi\u00f3d, kasz\u0119 i jajka), by w\u0119druj\u0105ce dusze mog\u0142y si\u0119 po\u017cywi\u0107. Zwykle tego dnia ofiarowywano ja\u0142mu\u017cn\u0119 \u017cebrakom, by w zamian wspominali zmar\u0142ych. Pod koniec \u015bredniowiecza, kiedy stopniowo rozpowszechnia\u0142o si\u0119 w Polsce chrze\u015bcija\u0144stwo, poga\u0144skie obyczaje by\u0142y surowo zakazywane przez Ko\u015bci\u00f3\u0142. W miejsce dziad\u00f3w przeforsowane zosta\u0142y z czasem Zaduszki, kt\u00f3re w XV wieku by\u0142y ju\u017c znane w ca\u0142ym kraju.<\/p>\n<p style=\"text-align: justify;\">Dzi\u015b 2 listopada nie jest dniem wolnym od pracy, dlatego wiele os\u00f3b odwiedza groby zmar\u0142ych dzie\u0144 wcze\u015bniej. Z dawnych poga\u0144skich obrz\u0119d\u00f3w pozosta\u0142 jednak zwyczaj zapalania zniczy. Co roku w pierwsze dni listopada po zapadni\u0119ciu zmroku na cmentarzach mo\u017cna podziwia\u0107 wyj\u0105tkowy blask tysi\u0119cy \u015bwiate\u0142.<\/p>\n","protected":false},"excerpt":{"rendered":"<p>\u015awi\u0119to obchodzone 2 listopada, dzie\u0144 po Wszystkich \u015awi\u0119tych. Tradycyjnie jest to dzie\u0144 modlitwy za dusze zmar\u0142ych \u2013 zw\u0142aszcza te, kt\u00f3re przebywaj\u0105 w czy\u015b\u0107cu.<\/p>\n","protected":false},"author":1,"featured_media":0,"comment_status":"closed","ping_status":"closed","sticky":false,"template":"","format":"standard","meta":{"ngg_post_thumbnail":0,"footnotes":"","_links_to":"","_links_to_target":""},"categories":[12],"tags":[],"class_list":{"0":"entry","1":"post","2":"publish","3":"author-admin","4":"has-more-link","5":"post-19964","7":"format-standard","8":"category-rok-2021"},"_links":{"self":[{"href":"https:\/\/parafiarososzyca.pl\/index.php\/wp-json\/wp\/v2\/posts\/19964","targetHints":{"allow":["GET"]}}],"collection":[{"href":"https:\/\/parafiarososzyca.pl\/index.php\/wp-json\/wp\/v2\/posts"}],"about":[{"href":"https:\/\/parafiarososzyca.pl\/index.php\/wp-json\/wp\/v2\/types\/post"}],"author":[{"embeddable":true,"href":"https:\/\/parafiarososzyca.pl\/index.php\/wp-json\/wp\/v2\/users\/1"}],"replies":[{"embeddable":true,"href":"https:\/\/parafiarososzyca.pl\/index.php\/wp-json\/wp\/v2\/comments?post=19964"}],"version-history":[{"count":0,"href":"https:\/\/parafiarososzyca.pl\/index.php\/wp-json\/wp\/v2\/posts\/19964\/revisions"}],"wp:attachment":[{"href":"https:\/\/parafiarososzyca.pl\/index.php\/wp-json\/wp\/v2\/media?parent=19964"}],"wp:term":[{"taxonomy":"category","embeddable":true,"href":"https:\/\/parafiarososzyca.pl\/index.php\/wp-json\/wp\/v2\/categories?post=19964"},{"taxonomy":"post_tag","embeddable":true,"href":"https:\/\/parafiarososzyca.pl\/index.php\/wp-json\/wp\/v2\/tags?post=19964"}],"curies":[{"name":"wp","href":"https:\/\/api.w.org\/{rel}","templated":true}]}}