{"id":19878,"date":"2021-09-09T19:55:37","date_gmt":"2021-09-09T19:55:37","guid":{"rendered":"https:\/\/parafiarososzyca.pl\/?p=19878"},"modified":"2021-09-23T19:57:51","modified_gmt":"2021-09-23T19:57:51","slug":"jasna-gora","status":"publish","type":"post","link":"https:\/\/parafiarososzyca.pl\/index.php\/2021\/09\/09\/jasna-gora\/","title":{"rendered":"Jasna G\u00f3ra"},"content":{"rendered":"<p style=\"text-align: justify;\">W czwartek 9 wrze\u015bnia uczniowie klasy IV wraz z rodzicami, ks. Proboszczem Pawlem&nbsp; Gu\u017adzio\u0142em i pani\u0105 katechetk\u0105 wyjechali do Cz\u0119stochowy, na Jasn\u0105 G\u00f3r\u0119.&nbsp; Dzi\u0119kowali za dar Eucharystii. Wzi\u0119li udzia\u0142 we Mszy \u015bw. w kaplicy z wizerunkiem Czarnej Madonny, mieli czas aby z bliskimi zwiedzi\u0107 tereny klasztoru, a na koniec pobytu odby\u0142a si\u0119 na wa\u0142ach wsp\u00f3lna droga krzy\u017cowa.<!--more--><\/p>\nngg_shortcode_0_placeholder\n","protected":false},"excerpt":{"rendered":"<p>W czwartek 9 wrze\u015bnia uczniowie klasy IV wraz z rodzicami, ks. Proboszczem Pawlem&nbsp; Gu\u017adzio\u0142em i pani\u0105 katechetk\u0105 wyjechali do Cz\u0119stochowy, na Jasn\u0105 G\u00f3r\u0119.&nbsp; Dzi\u0119kowali za dar Eucharystii. Wzi\u0119li udzia\u0142 we Mszy \u015bw. w kaplicy z wizerunkiem Czarnej Madonny, mieli czas aby z bliskimi zwiedzi\u0107 tereny klasztoru, a na koniec pobytu odby\u0142a si\u0119 na wa\u0142ach wsp\u00f3lna &#8230; <span class=\"more\"><a class=\"more-link\" href=\"https:\/\/parafiarososzyca.pl\/index.php\/2021\/09\/09\/jasna-gora\/\">Czytaj dalej<\/a><\/span><\/p>\n","protected":false},"author":1,"featured_media":0,"comment_status":"closed","ping_status":"closed","sticky":false,"template":"","format":"standard","meta":{"ngg_post_thumbnail":0,"footnotes":"","_links_to":"","_links_to_target":""},"categories":[12],"tags":[],"class_list":{"0":"entry","1":"post","2":"publish","3":"author-admin","4":"has-more-link","5":"post-19878","7":"format-standard","8":"category-rok-2021"},"_links":{"self":[{"href":"https:\/\/parafiarososzyca.pl\/index.php\/wp-json\/wp\/v2\/posts\/19878","targetHints":{"allow":["GET"]}}],"collection":[{"href":"https:\/\/parafiarososzyca.pl\/index.php\/wp-json\/wp\/v2\/posts"}],"about":[{"href":"https:\/\/parafiarososzyca.pl\/index.php\/wp-json\/wp\/v2\/types\/post"}],"author":[{"embeddable":true,"href":"https:\/\/parafiarososzyca.pl\/index.php\/wp-json\/wp\/v2\/users\/1"}],"replies":[{"embeddable":true,"href":"https:\/\/parafiarososzyca.pl\/index.php\/wp-json\/wp\/v2\/comments?post=19878"}],"version-history":[{"count":0,"href":"https:\/\/parafiarososzyca.pl\/index.php\/wp-json\/wp\/v2\/posts\/19878\/revisions"}],"wp:attachment":[{"href":"https:\/\/parafiarososzyca.pl\/index.php\/wp-json\/wp\/v2\/media?parent=19878"}],"wp:term":[{"taxonomy":"category","embeddable":true,"href":"https:\/\/parafiarososzyca.pl\/index.php\/wp-json\/wp\/v2\/categories?post=19878"},{"taxonomy":"post_tag","embeddable":true,"href":"https:\/\/parafiarososzyca.pl\/index.php\/wp-json\/wp\/v2\/tags?post=19878"}],"curies":[{"name":"wp","href":"https:\/\/api.w.org\/{rel}","templated":true}]}}