{"id":19872,"date":"2021-09-16T15:35:26","date_gmt":"2021-09-16T15:35:26","guid":{"rendered":"https:\/\/parafiarososzyca.pl\/?p=19872"},"modified":"2021-09-16T15:36:02","modified_gmt":"2021-09-16T15:36:02","slug":"narodowe-rekolekcje-i-zawierzenie-narodu-i-kosciola-w-polsce-sw-jozefowi","status":"publish","type":"post","link":"https:\/\/parafiarososzyca.pl\/index.php\/2021\/09\/16\/narodowe-rekolekcje-i-zawierzenie-narodu-i-kosciola-w-polsce-sw-jozefowi\/","title":{"rendered":"Narodowe rekolekcje i zawierzenie Narodu i Ko\u015bcio\u0142a w Polsce \u015bw. J\u00f3zefowi"},"content":{"rendered":"<p style=\"text-align: justify;\">W Kaliszu w dniach od 3 do 7 pa\u017adziernika br. odb\u0119d\u0105 si\u0119 Narodowe Rekolekcje po\u0142\u0105czone z aktem zawierzenia Narodu i Ko\u015bcio\u0142a w Polsce \u015awi\u0119temu J\u00f3zefowi, kt\u00f3rego dokona Przewodnicz\u0105cy Konferencji Episkopatu Polski abp Stanis\u0142aw G\u0105decki.<\/p>\n<p style=\"text-align: justify;\">Has\u0142em rekolekcji s\u0105 s\u0142owa Ojcowskiemu Sercu zawierzamy, kt\u00f3re wyra\u017caj\u0105 g\u0142\u0119bok\u0105 wiar\u0119 w moc wstawiennictwa \u015bw. J\u00f3zefa przed tronem Boga. Tematyka rekolekcji dotyczy\u0107 b\u0119dzie kilku przestrzeni: \u015aw. J\u00f3zef, Opiekun Ko\u015bcio\u0142a; Ma\u0142\u017ce\u0144stwo; \u017bycie \u015bw. J\u00f3zef; Ojcostwo oraz istota i cel modlitwy zawierzenia. Pierwszego dnia rekolekcji (03.10.) odb\u0119dzie si\u0119 koncert \u015aw. J\u00f3zef w muzyce baroku Indian Boliwijskich w wykonaniu ch\u00f3ru pod dyr. Jacka Sykulskiego z Poznania ze wst\u0119pem ks. prof. Piotra Nawrota.<!--more--><\/p>\n<p style=\"text-align: justify;\"><a href=\"https:\/\/parafiarososzyca.pl\/wp-content\/uploads\/2021\/09\/zawierzenie_duze-scaled.jpg\"><img loading=\"lazy\" decoding=\"async\" class=\"aligncenter wp-image-19873 size-full\" src=\"https:\/\/parafiarososzyca.pl\/wp-content\/uploads\/2021\/09\/zawierzenie_male.jpg\" alt=\"\" width=\"500\" height=\"707\" srcset=\"https:\/\/parafiarososzyca.pl\/wp-content\/uploads\/2021\/09\/zawierzenie_male.jpg 500w, https:\/\/parafiarososzyca.pl\/wp-content\/uploads\/2021\/09\/zawierzenie_male-212x300.jpg 212w\" sizes=\"auto, (max-width: 500px) 100vw, 500px\" \/><\/a>Tajemnic\u0105 \u017cycia \u015bw. J\u00f3zefa dzieli\u0107 si\u0119 b\u0119d\u0105 z nami: ks. Dariusz D\u0105browski, ks. Krzysztof Wons, ks. Piotr G\u00f3rski, ks. Marcin Wi\u015bniewski oraz ks. Dominik Chmielewski. Nauki rekolekcyjne b\u0119d\u0105 g\u0142oszone w dw\u00f3ch blokach: porannym i popo\u0142udniowym, transmitowane przez nasze media diecezjalne Radio Rodzina, Dom J\u00f3zefa oraz Radio Maryja i TV Trwam.<\/p>\n","protected":false},"excerpt":{"rendered":"<p>W Kaliszu w dniach od 3 do 7 pa\u017adziernika br. odb\u0119d\u0105 si\u0119 Narodowe Rekolekcje po\u0142\u0105czone z aktem zawierzenia Narodu i Ko\u015bcio\u0142a w Polsce \u015awi\u0119temu J\u00f3zefowi, kt\u00f3rego dokona Przewodnicz\u0105cy Konferencji Episkopatu Polski abp Stanis\u0142aw G\u0105decki. Has\u0142em rekolekcji s\u0105 s\u0142owa Ojcowskiemu Sercu zawierzamy, kt\u00f3re wyra\u017caj\u0105 g\u0142\u0119bok\u0105 wiar\u0119 w moc wstawiennictwa \u015bw. J\u00f3zefa przed tronem Boga. Tematyka rekolekcji &#8230; <span class=\"more\"><a class=\"more-link\" href=\"https:\/\/parafiarososzyca.pl\/index.php\/2021\/09\/16\/narodowe-rekolekcje-i-zawierzenie-narodu-i-kosciola-w-polsce-sw-jozefowi\/\">Czytaj dalej<\/a><\/span><\/p>\n","protected":false},"author":1,"featured_media":0,"comment_status":"closed","ping_status":"closed","sticky":false,"template":"","format":"standard","meta":{"ngg_post_thumbnail":0,"footnotes":"","_links_to":"","_links_to_target":""},"categories":[12],"tags":[],"class_list":{"0":"entry","1":"post","2":"publish","3":"author-admin","4":"has-more-link","5":"post-19872","7":"format-standard","8":"category-rok-2021"},"_links":{"self":[{"href":"https:\/\/parafiarososzyca.pl\/index.php\/wp-json\/wp\/v2\/posts\/19872","targetHints":{"allow":["GET"]}}],"collection":[{"href":"https:\/\/parafiarososzyca.pl\/index.php\/wp-json\/wp\/v2\/posts"}],"about":[{"href":"https:\/\/parafiarososzyca.pl\/index.php\/wp-json\/wp\/v2\/types\/post"}],"author":[{"embeddable":true,"href":"https:\/\/parafiarososzyca.pl\/index.php\/wp-json\/wp\/v2\/users\/1"}],"replies":[{"embeddable":true,"href":"https:\/\/parafiarososzyca.pl\/index.php\/wp-json\/wp\/v2\/comments?post=19872"}],"version-history":[{"count":0,"href":"https:\/\/parafiarososzyca.pl\/index.php\/wp-json\/wp\/v2\/posts\/19872\/revisions"}],"wp:attachment":[{"href":"https:\/\/parafiarososzyca.pl\/index.php\/wp-json\/wp\/v2\/media?parent=19872"}],"wp:term":[{"taxonomy":"category","embeddable":true,"href":"https:\/\/parafiarososzyca.pl\/index.php\/wp-json\/wp\/v2\/categories?post=19872"},{"taxonomy":"post_tag","embeddable":true,"href":"https:\/\/parafiarososzyca.pl\/index.php\/wp-json\/wp\/v2\/tags?post=19872"}],"curies":[{"name":"wp","href":"https:\/\/api.w.org\/{rel}","templated":true}]}}