{"id":19757,"date":"2021-08-12T06:50:14","date_gmt":"2021-08-12T06:50:14","guid":{"rendered":"https:\/\/parafiarososzyca.pl\/?p=19757"},"modified":"2021-09-10T06:54:15","modified_gmt":"2021-09-10T06:54:15","slug":"bialy-tydzien-5","status":"publish","type":"post","link":"https:\/\/parafiarososzyca.pl\/index.php\/2021\/08\/12\/bialy-tydzien-5\/","title":{"rendered":"Bia\u0142y tydzie\u0144"},"content":{"rendered":"<p style=\"text-align: justify;\">Tegoroczny bia\u0142y tydzie\u0144 cho\u0107 mocno skr\u00f3cony w naszej parafii obfitowa\u0142 w wa\u017cne dla spo\u0142eczno\u015bci parafialnej wydarzenia. Dzieci w czasie bia\u0142ego tygodnia otrzyma\u0142y pami\u0105tki I Komunii \u015bw. i uczestniczy\u0142y w odpu\u015bcie parafialnym ku czci Przemienienia Pa\u0144skiego.<!--more--><\/p>\nngg_shortcode_0_placeholder\n","protected":false},"excerpt":{"rendered":"<p>Tegoroczny bia\u0142y tydzie\u0144 cho\u0107 mocno skr\u00f3cony w naszej parafii obfitowa\u0142 w wa\u017cne dla spo\u0142eczno\u015bci parafialnej wydarzenia. Dzieci w czasie bia\u0142ego tygodnia otrzyma\u0142y pami\u0105tki I Komunii \u015bw. i uczestniczy\u0142y w odpu\u015bcie parafialnym ku czci Przemienienia Pa\u0144skiego.<\/p>\n","protected":false},"author":1,"featured_media":0,"comment_status":"closed","ping_status":"closed","sticky":false,"template":"","format":"standard","meta":{"ngg_post_thumbnail":0,"footnotes":"","_links_to":"","_links_to_target":""},"categories":[12],"tags":[],"class_list":{"0":"entry","1":"post","2":"publish","3":"author-admin","4":"has-more-link","5":"post-19757","7":"format-standard","8":"category-rok-2021"},"_links":{"self":[{"href":"https:\/\/parafiarososzyca.pl\/index.php\/wp-json\/wp\/v2\/posts\/19757","targetHints":{"allow":["GET"]}}],"collection":[{"href":"https:\/\/parafiarososzyca.pl\/index.php\/wp-json\/wp\/v2\/posts"}],"about":[{"href":"https:\/\/parafiarososzyca.pl\/index.php\/wp-json\/wp\/v2\/types\/post"}],"author":[{"embeddable":true,"href":"https:\/\/parafiarososzyca.pl\/index.php\/wp-json\/wp\/v2\/users\/1"}],"replies":[{"embeddable":true,"href":"https:\/\/parafiarososzyca.pl\/index.php\/wp-json\/wp\/v2\/comments?post=19757"}],"version-history":[{"count":0,"href":"https:\/\/parafiarososzyca.pl\/index.php\/wp-json\/wp\/v2\/posts\/19757\/revisions"}],"wp:attachment":[{"href":"https:\/\/parafiarososzyca.pl\/index.php\/wp-json\/wp\/v2\/media?parent=19757"}],"wp:term":[{"taxonomy":"category","embeddable":true,"href":"https:\/\/parafiarososzyca.pl\/index.php\/wp-json\/wp\/v2\/categories?post=19757"},{"taxonomy":"post_tag","embeddable":true,"href":"https:\/\/parafiarososzyca.pl\/index.php\/wp-json\/wp\/v2\/tags?post=19757"}],"curies":[{"name":"wp","href":"https:\/\/api.w.org\/{rel}","templated":true}]}}