{"id":19655,"date":"2021-08-06T06:26:44","date_gmt":"2021-08-06T06:26:44","guid":{"rendered":"https:\/\/parafiarososzyca.pl\/?p=19655"},"modified":"2021-09-10T06:50:04","modified_gmt":"2021-09-10T06:50:04","slug":"i-komunia-swieta-3","status":"publish","type":"post","link":"https:\/\/parafiarososzyca.pl\/index.php\/2021\/08\/06\/i-komunia-swieta-3\/","title":{"rendered":"I Komunia \u015awi\u0119ta"},"content":{"rendered":"<p style=\"text-align: justify;\">6 sierpnia 2021 roku, w \u015bwi\u0119to Przemienienia Pa\u0144skiego dzieci naszej parafii przyj\u0119\u0142y po raz pierwszy Pana Jezusa pod postaci\u0105 Chleba do swego serca.<\/p>\n<p style=\"text-align: justify;\">Do sakramentu Eucharystii przyst\u0105pili:<\/p>\n<ol style=\"text-align: justify;\">\n<li>Nikola Bartczak<\/li>\n<li>Mi\u0142osz B\u0105k<\/li>\n<li>Zuzanna Grabowska<\/li>\n<li>Adam Ka\u0142u\u017cny<\/li>\n<li>Szymon Ka\u0142u\u017cny<\/li>\n<li>Karolina Kawaler<\/li>\n<li>Filip Kupaj<\/li>\n<li>Daniel Mi\u015bko<\/li>\n<li>Wiktoria Niewiejska<\/li>\n<li>Julia Niklas<\/li>\n<li>Nadia Wa\u015bci\u0144ska<\/li>\n<li>Bartosz Wieszczak<\/li>\n<li>Amelia Wojtczak<\/li>\n<li>Patryk Zawi\u015bla\u0144ski<\/li>\n<li>Bart\u0142omiej Radkowski<\/li>\n<li>Tomasz P\u00f3\u0142toraczyk<\/li>\n<\/ol>\n<p style=\"text-align: justify;\"><!--more-->Popatrzmy na zdj\u0119cia&#8230;<\/p>\n<p>ngg_shortcode_0_placeholder<iframe loading=\"lazy\"  id=\"_ytid_41004\"  width=\"700\" height=\"394\"  data-origwidth=\"700\" data-origheight=\"394\" src=\"https:\/\/www.youtube.com\/embed\/pdhtqsZqbeU?enablejsapi=1&autoplay=0&cc_load_policy=0&cc_lang_pref=pl&iv_load_policy=3&loop=0&rel=1&fs=1&playsinline=0&autohide=2&theme=dark&color=red&controls=1&disablekb=0&\" class=\"__youtube_prefs__  no-lazyload\" title=\"YouTube player\"  allow=\"fullscreen; accelerometer; autoplay; clipboard-write; encrypted-media; gyroscope; picture-in-picture; web-share\" referrerpolicy=\"strict-origin-when-cross-origin\" allowfullscreen data-no-lazy=\"1\" data-skipgform_ajax_framebjll=\"\"><\/iframe><\/p>\n","protected":false},"excerpt":{"rendered":"<p>6 sierpnia 2021 roku, w \u015bwi\u0119to Przemienienia Pa\u0144skiego dzieci naszej parafii przyj\u0119\u0142y po raz pierwszy Pana Jezusa pod postaci\u0105 Chleba do swego serca. Do sakramentu Eucharystii przyst\u0105pili: Nikola Bartczak Mi\u0142osz B\u0105k Zuzanna Grabowska Adam Ka\u0142u\u017cny Szymon Ka\u0142u\u017cny Karolina Kawaler Filip Kupaj Daniel Mi\u015bko Wiktoria Niewiejska Julia Niklas Nadia Wa\u015bci\u0144ska Bartosz Wieszczak Amelia Wojtczak Patryk Zawi\u015bla\u0144ski &#8230; <span class=\"more\"><a class=\"more-link\" href=\"https:\/\/parafiarososzyca.pl\/index.php\/2021\/08\/06\/i-komunia-swieta-3\/\">Czytaj dalej<\/a><\/span><\/p>\n","protected":false},"author":1,"featured_media":0,"comment_status":"closed","ping_status":"closed","sticky":false,"template":"","format":"standard","meta":{"ngg_post_thumbnail":0,"footnotes":"","_links_to":"","_links_to_target":""},"categories":[12],"tags":[],"class_list":{"0":"entry","1":"post","2":"publish","3":"author-admin","4":"has-more-link","5":"post-19655","7":"format-standard","8":"category-rok-2021"},"_links":{"self":[{"href":"https:\/\/parafiarososzyca.pl\/index.php\/wp-json\/wp\/v2\/posts\/19655","targetHints":{"allow":["GET"]}}],"collection":[{"href":"https:\/\/parafiarososzyca.pl\/index.php\/wp-json\/wp\/v2\/posts"}],"about":[{"href":"https:\/\/parafiarososzyca.pl\/index.php\/wp-json\/wp\/v2\/types\/post"}],"author":[{"embeddable":true,"href":"https:\/\/parafiarososzyca.pl\/index.php\/wp-json\/wp\/v2\/users\/1"}],"replies":[{"embeddable":true,"href":"https:\/\/parafiarososzyca.pl\/index.php\/wp-json\/wp\/v2\/comments?post=19655"}],"version-history":[{"count":0,"href":"https:\/\/parafiarososzyca.pl\/index.php\/wp-json\/wp\/v2\/posts\/19655\/revisions"}],"wp:attachment":[{"href":"https:\/\/parafiarososzyca.pl\/index.php\/wp-json\/wp\/v2\/media?parent=19655"}],"wp:term":[{"taxonomy":"category","embeddable":true,"href":"https:\/\/parafiarososzyca.pl\/index.php\/wp-json\/wp\/v2\/categories?post=19655"},{"taxonomy":"post_tag","embeddable":true,"href":"https:\/\/parafiarososzyca.pl\/index.php\/wp-json\/wp\/v2\/tags?post=19655"}],"curies":[{"name":"wp","href":"https:\/\/api.w.org\/{rel}","templated":true}]}}