{"id":19323,"date":"2021-02-26T19:51:52","date_gmt":"2021-02-26T19:51:52","guid":{"rendered":"https:\/\/parafiarososzyca.pl\/?p=19323"},"modified":"2021-02-26T20:00:24","modified_gmt":"2021-02-26T20:00:24","slug":"nominacja-ks-proboszcza-pawla","status":"publish","type":"post","link":"https:\/\/parafiarososzyca.pl\/index.php\/2021\/02\/26\/nominacja-ks-proboszcza-pawla\/","title":{"rendered":"Nominacja ks. proboszcza Paw\u0142a"},"content":{"rendered":"<p style=\"text-align: justify;\"><img loading=\"lazy\" decoding=\"async\" class=\"alignleft size-full wp-image-165\" src=\"https:\/\/parafiarososzyca.pl\/wp-content\/uploads\/2014\/01\/22-e1613321621993.jpg\" alt=\"\" width=\"100\" height=\"100\">Mi\u0142o nam poinformowa\u0107 naszych parafian i\u017c biskup kaliski Damian Bryl w dniu 25 lutego 2021 r. ustanowi\u0142 wikariuszy biskupich i Rad\u0119 Biskupi\u0105.<!--more--><\/p>\n<p>&nbsp;<\/p>\n<p style=\"text-align: justify;\"><strong>Wikariuszami biskupimi zostali mianowani:<\/strong><br \/>\n\u2022 ks. pra\u0142at Zbigniew Cie\u015blak &#8211; ds. administracyjnych<br \/>\n\u2022 ks. kanonik Pawe\u0142 Gu\u017adzio\u0142 &#8211; ds. duszpasterskich<\/p>\n<p style=\"text-align: justify;\"><strong>W sk\u0142ad Rady Biskupiej zostali powo\u0142ani:<\/strong><br \/>\n\u2022 bp \u0141ukasz Buzun &#8211; wikariusz generalny<br \/>\n\u2022 ks. pra\u0142at Zbigniew Cie\u015blak &#8211; wikariusz biskupi ds. administracyjnych<br \/>\n\u2022 ks. kanonik Pawe\u0142 Gu\u017adzio\u0142 &#8211; wikariusz biskupi ds. duszpasterskich<br \/>\n\u2022 ks. Marcin Papuzi\u0144ski, kanclerz kurii diecezjalnej, sekretarz Rady<br \/>\nCieszymy si\u0119 z tej nominacji i gratulujemy. \u017byczymy si\u0142y i wytrwa\u0142o\u015bci.<br \/>\nA ze swej strony obiecujemy pomaga\u0107 i wspiera\u0107 naszego proboszcza.<\/p>\n<p style=\"text-align: justify;\">Parafianie rososzyccy<\/p>\n","protected":false},"excerpt":{"rendered":"<p>Mi\u0142o nam poinformowa\u0107 naszych parafian i\u017c biskup kaliski Damian Bryl w dniu 25 lutego 2021 r. ustanowi\u0142 wikariuszy biskupich i Rad\u0119 Biskupi\u0105.<\/p>\n","protected":false},"author":1,"featured_media":0,"comment_status":"closed","ping_status":"closed","sticky":false,"template":"","format":"standard","meta":{"ngg_post_thumbnail":0,"footnotes":"","_links_to":"","_links_to_target":""},"categories":[12],"tags":[],"class_list":{"0":"entry","1":"post","2":"publish","3":"author-admin","4":"has-more-link","5":"post-19323","7":"format-standard","8":"category-rok-2021"},"_links":{"self":[{"href":"https:\/\/parafiarososzyca.pl\/index.php\/wp-json\/wp\/v2\/posts\/19323","targetHints":{"allow":["GET"]}}],"collection":[{"href":"https:\/\/parafiarososzyca.pl\/index.php\/wp-json\/wp\/v2\/posts"}],"about":[{"href":"https:\/\/parafiarososzyca.pl\/index.php\/wp-json\/wp\/v2\/types\/post"}],"author":[{"embeddable":true,"href":"https:\/\/parafiarososzyca.pl\/index.php\/wp-json\/wp\/v2\/users\/1"}],"replies":[{"embeddable":true,"href":"https:\/\/parafiarososzyca.pl\/index.php\/wp-json\/wp\/v2\/comments?post=19323"}],"version-history":[{"count":0,"href":"https:\/\/parafiarososzyca.pl\/index.php\/wp-json\/wp\/v2\/posts\/19323\/revisions"}],"wp:attachment":[{"href":"https:\/\/parafiarososzyca.pl\/index.php\/wp-json\/wp\/v2\/media?parent=19323"}],"wp:term":[{"taxonomy":"category","embeddable":true,"href":"https:\/\/parafiarososzyca.pl\/index.php\/wp-json\/wp\/v2\/categories?post=19323"},{"taxonomy":"post_tag","embeddable":true,"href":"https:\/\/parafiarososzyca.pl\/index.php\/wp-json\/wp\/v2\/tags?post=19323"}],"curies":[{"name":"wp","href":"https:\/\/api.w.org\/{rel}","templated":true}]}}