{"id":18598,"date":"2020-12-06T20:33:03","date_gmt":"2020-12-06T20:33:03","guid":{"rendered":"http:\/\/parafiarososzyca.pl\/?p=18598"},"modified":"2021-02-16T20:35:08","modified_gmt":"2021-02-16T20:35:08","slug":"spotkanie-ze-sw-mikolajem-6","status":"publish","type":"post","link":"https:\/\/parafiarososzyca.pl\/index.php\/2020\/12\/06\/spotkanie-ze-sw-mikolajem-6\/","title":{"rendered":"Spotkanie ze \u015bw. Miko\u0142ajem"},"content":{"rendered":"<p style=\"text-align: justify;\">6 grudnia nieodmiennie i du\u017cym i ma\u0142ym parafianom kojarzy si\u0119 ze \u015bw. Miko\u0142ajem, biskupem kt\u00f3ry obdarowywa\u0142 bezinteresownie najubo\u017cszych i naucza\u0142 dzielenia tym, co posiadamy. W spos\u00f3b szczeg\u00f3lny czekaj\u0105 na niego wszystkie dzieci. W tym roku z powodu pandemii \u015bw. Miko\u0142aj przyby\u0142 do ko\u015bcio\u0142a \u015bw. Marka Ewangelisty w Rososzycy odpowiednio przygotowany w maseczce i z przestrzeganiem wszelkich zasad rygoru sanitarnego. Ale i tak sprawi\u0142 wszystkim mn\u00f3stwo rado\u015bci i wywo\u0142a\u0142 szcz\u0119\u015bliwe u\u015bmiechy u obecnych podczas niedzielnej Eucharystii.<!--more--><\/p>\nngg_shortcode_0_placeholder\n","protected":false},"excerpt":{"rendered":"<p>6 grudnia nieodmiennie i du\u017cym i ma\u0142ym parafianom kojarzy si\u0119 ze \u015bw. Miko\u0142ajem, biskupem kt\u00f3ry obdarowywa\u0142 bezinteresownie najubo\u017cszych i naucza\u0142 dzielenia tym, co posiadamy. W spos\u00f3b szczeg\u00f3lny czekaj\u0105 na niego wszystkie dzieci. W tym roku z powodu pandemii \u015bw. Miko\u0142aj przyby\u0142 do ko\u015bcio\u0142a \u015bw. Marka Ewangelisty w Rososzycy odpowiednio przygotowany w maseczce i z przestrzeganiem &#8230; <span class=\"more\"><a class=\"more-link\" href=\"https:\/\/parafiarososzyca.pl\/index.php\/2020\/12\/06\/spotkanie-ze-sw-mikolajem-6\/\">Czytaj dalej<\/a><\/span><\/p>\n","protected":false},"author":1,"featured_media":0,"comment_status":"closed","ping_status":"closed","sticky":false,"template":"","format":"standard","meta":{"ngg_post_thumbnail":0,"footnotes":"","_links_to":"","_links_to_target":""},"categories":[11],"tags":[],"class_list":{"0":"entry","1":"post","2":"publish","3":"author-admin","4":"has-more-link","5":"post-18598","7":"format-standard","8":"category-rok-2020"},"_links":{"self":[{"href":"https:\/\/parafiarososzyca.pl\/index.php\/wp-json\/wp\/v2\/posts\/18598","targetHints":{"allow":["GET"]}}],"collection":[{"href":"https:\/\/parafiarososzyca.pl\/index.php\/wp-json\/wp\/v2\/posts"}],"about":[{"href":"https:\/\/parafiarososzyca.pl\/index.php\/wp-json\/wp\/v2\/types\/post"}],"author":[{"embeddable":true,"href":"https:\/\/parafiarososzyca.pl\/index.php\/wp-json\/wp\/v2\/users\/1"}],"replies":[{"embeddable":true,"href":"https:\/\/parafiarososzyca.pl\/index.php\/wp-json\/wp\/v2\/comments?post=18598"}],"version-history":[{"count":0,"href":"https:\/\/parafiarososzyca.pl\/index.php\/wp-json\/wp\/v2\/posts\/18598\/revisions"}],"wp:attachment":[{"href":"https:\/\/parafiarososzyca.pl\/index.php\/wp-json\/wp\/v2\/media?parent=18598"}],"wp:term":[{"taxonomy":"category","embeddable":true,"href":"https:\/\/parafiarososzyca.pl\/index.php\/wp-json\/wp\/v2\/categories?post=18598"},{"taxonomy":"post_tag","embeddable":true,"href":"https:\/\/parafiarososzyca.pl\/index.php\/wp-json\/wp\/v2\/tags?post=18598"}],"curies":[{"name":"wp","href":"https:\/\/api.w.org\/{rel}","templated":true}]}}