{"id":18575,"date":"2020-10-23T20:12:30","date_gmt":"2020-10-23T20:12:30","guid":{"rendered":"http:\/\/parafiarososzyca.pl\/?p=18575"},"modified":"2021-02-16T20:14:08","modified_gmt":"2021-02-16T20:14:08","slug":"komunikat","status":"publish","type":"post","link":"https:\/\/parafiarososzyca.pl\/index.php\/2020\/10\/23\/komunikat\/","title":{"rendered":"Komunikat"},"content":{"rendered":"<p class=\"Standard\" style=\"text-align: justify;\" align=\"center\">KOMUNIKAT ADMINISTRATORA APOSTOLSKIEGO DIECEZJI KALISKIEJ<\/p>\n<p class=\"Standard\" style=\"text-align: justify;\">Siostry i Bracia,<\/p>\n<p class=\"Standard\" style=\"text-align: justify;\">maj\u0105c na uwadze narastaj\u0105ce zagro\u017cenie zdrowia i \u017cycia ludzkiego, zwi\u0105zane&nbsp;z rozszerzaniem si\u0119 pandemii koronawirusa, wszystkich wiernych diecezji kaliskiej prosz\u0119&nbsp;o wzmo\u017cenie modlitw o jej ustanie, zw\u0142aszcza przez \u015bpiew Suplikacji i odmawianie&nbsp;w rodzinach R\u00f3\u017ca\u0144ca \u015bwi\u0119tego. Prosz\u0119 o modlitw\u0119 za chorych, s\u0142u\u017cb\u0119 zdrowia, osoby zmar\u0142e&nbsp;i ich rodziny. Zadbajmy o pomoc osobom starszym i samotnym, a tak\u017ce o umacnianie wzajemnych wi\u0119z\u00f3w rodzinnych. W duchu wzajemnej mi\u0142o\u015bci chrze\u015bcija\u0144skiej prosz\u0119 tak\u017ce o przyj\u0119cie wszelkich ogranicze\u0144 i zalece\u0144 sanitarnych wprowadzanych przez w\u0142adze pa\u0144stwowe, zw\u0142aszcza tych dotycz\u0105cych liczby uczestnik\u00f3w zgromadze\u0144 religijnych, odleg\u0142o\u015bci mi\u0119dzy nimi, i noszenia maseczek. Prosz\u0119 wszystkich wiernych o przyjmowanie Komunii \u015bwi\u0119tej na d\u0142o\u0144, a te osoby, kt\u00f3re przyjmuj\u0105 J\u0105 do ust \u2013 o podchodzenie po osobach przyjmuj\u0105cych na d\u0142o\u0144 lub w odr\u0119bnej kolejce. Ksi\u0119\u017cy prosz\u0119 o zabezpieczenie w ko\u015bcio\u0142ach i kaplicach mo\u017cliwo\u015bci dezynfekcji d\u0142oni, nieustanne przypominanie o powy\u017cszych zasadach i zwi\u0119kszenie w niedziel\u0119 i \u015bwi\u0119ta liczby sprawowanych Mszy \u015bwi\u0119tych.<!--more--><\/p>\n<p class=\"Standard\" style=\"text-align: justify;\">Osoby za\u015b korzystaj\u0105ce z dyspensy, kt\u00f3rej udzieli\u0142em 16 pa\u017adziernika br. zach\u0119cam do udzia\u0142u we Mszy \u015bwi\u0119tej w dni powszednie i do duchowej \u0142\u0105czno\u015bci ze wsp\u00f3lnot\u0105 Ko\u015bcio\u0142a poprzez transmisje radiowe, telewizyjne lub internetowe.<\/p>\n<p class=\"Standard\" style=\"text-align: justify;\">Kap\u0142an\u00f3w prosz\u0119 tak\u017ce, aby na wszelkie sposoby szukali kontaktu, spotkania&nbsp;i udzielania pomocy wszystkim wiernym, zw\u0142aszcza zanosz\u0105c \u2013 przy rygorystycznym zachowaniu zasad sanitarnych \u2013 Komuni\u0119 \u015bwi\u0119t\u0105 do dom\u00f3w. Nadzwyczajni szafarze Komunii \u015bwi\u0119tej niech pomagaj\u0105 w jedno\u015bci ze swoimi Ksi\u0119\u017cmi Proboszczami.<\/p>\n<p class=\"Standard\" style=\"text-align: justify;\">Nauczycielom religii w szko\u0142ach, kt\u00f3re pracuj\u0105 online, przypominam obowi\u0105zek korzystania z takiej w\u0142a\u015bnie formy nauczania.<\/p>\n<p class=\"Standard\" style=\"text-align: justify;\">Siostry i Bracia,<\/p>\n<p class=\"Standard\" style=\"text-align: justify;\">najbli\u017cszy czas w Polsce zwi\u0105zany jest ze wzmo\u017conymi odwiedzinami cmentarzy&nbsp;i modlitwami za zmar\u0142ych. Przypominam, \u017ce \u0142ask\u0119 odpustu zupe\u0142nego ofiarowanego za zmar\u0142ych mo\u017cna uzyskiwa\u0107 przez ca\u0142\u0105 oktaw\u0119 uroczysto\u015bci Wszystkich \u015awi\u0119tych, dlatego prosz\u0119 o odk\u0142adanie nawiedzania cmentarzy na czas po 2 listopada, tak, aby unika\u0107 du\u017cych zgromadze\u0144.<\/p>\n<p class=\"Standard\" style=\"text-align: justify;\">Wszystkich wiernych diecezji kaliskiej otaczam modlitw\u0105 i serdecznie b\u0142ogos\u0142awi\u0119.<\/p>\n<p class=\"Standard\" style=\"text-align: justify;\" align=\"center\"><em>+ Grzegorz Ry\u015b<\/em><\/p>\n<p class=\"Standard\" style=\"text-align: justify;\" align=\"center\">Administrator Apostolski<\/p>\n<p class=\"Standard\" style=\"text-align: justify;\" align=\"center\">Diecezji Kaliskiej<\/p>\n","protected":false},"excerpt":{"rendered":"<p>KOMUNIKAT ADMINISTRATORA APOSTOLSKIEGO DIECEZJI KALISKIEJ Siostry i Bracia, maj\u0105c na uwadze narastaj\u0105ce zagro\u017cenie zdrowia i \u017cycia ludzkiego, zwi\u0105zane&nbsp;z rozszerzaniem si\u0119 pandemii koronawirusa, wszystkich wiernych diecezji kaliskiej prosz\u0119&nbsp;o wzmo\u017cenie modlitw o jej ustanie, zw\u0142aszcza przez \u015bpiew Suplikacji i odmawianie&nbsp;w rodzinach R\u00f3\u017ca\u0144ca \u015bwi\u0119tego. Prosz\u0119 o modlitw\u0119 za chorych, s\u0142u\u017cb\u0119 zdrowia, osoby zmar\u0142e&nbsp;i ich rodziny. Zadbajmy o pomoc &#8230; <span class=\"more\"><a class=\"more-link\" href=\"https:\/\/parafiarososzyca.pl\/index.php\/2020\/10\/23\/komunikat\/\">Czytaj dalej<\/a><\/span><\/p>\n","protected":false},"author":1,"featured_media":0,"comment_status":"closed","ping_status":"closed","sticky":false,"template":"","format":"standard","meta":{"ngg_post_thumbnail":0,"footnotes":"","_links_to":"","_links_to_target":""},"categories":[11],"tags":[],"class_list":{"0":"entry","1":"post","2":"publish","3":"author-admin","4":"has-more-link","5":"post-18575","7":"format-standard","8":"category-rok-2020"},"_links":{"self":[{"href":"https:\/\/parafiarososzyca.pl\/index.php\/wp-json\/wp\/v2\/posts\/18575","targetHints":{"allow":["GET"]}}],"collection":[{"href":"https:\/\/parafiarososzyca.pl\/index.php\/wp-json\/wp\/v2\/posts"}],"about":[{"href":"https:\/\/parafiarososzyca.pl\/index.php\/wp-json\/wp\/v2\/types\/post"}],"author":[{"embeddable":true,"href":"https:\/\/parafiarososzyca.pl\/index.php\/wp-json\/wp\/v2\/users\/1"}],"replies":[{"embeddable":true,"href":"https:\/\/parafiarososzyca.pl\/index.php\/wp-json\/wp\/v2\/comments?post=18575"}],"version-history":[{"count":0,"href":"https:\/\/parafiarososzyca.pl\/index.php\/wp-json\/wp\/v2\/posts\/18575\/revisions"}],"wp:attachment":[{"href":"https:\/\/parafiarososzyca.pl\/index.php\/wp-json\/wp\/v2\/media?parent=18575"}],"wp:term":[{"taxonomy":"category","embeddable":true,"href":"https:\/\/parafiarososzyca.pl\/index.php\/wp-json\/wp\/v2\/categories?post=18575"},{"taxonomy":"post_tag","embeddable":true,"href":"https:\/\/parafiarososzyca.pl\/index.php\/wp-json\/wp\/v2\/tags?post=18575"}],"curies":[{"name":"wp","href":"https:\/\/api.w.org\/{rel}","templated":true}]}}