{"id":18218,"date":"2020-08-15T19:54:38","date_gmt":"2020-08-15T19:54:38","guid":{"rendered":"http:\/\/parafiarososzyca.pl\/?p=18218"},"modified":"2021-02-16T19:55:52","modified_gmt":"2021-02-16T19:55:52","slug":"ogloszenie","status":"publish","type":"post","link":"https:\/\/parafiarososzyca.pl\/index.php\/2020\/08\/15\/ogloszenie\/","title":{"rendered":"Og\u0142oszenie"},"content":{"rendered":"<p style=\"text-align: justify;\"><img loading=\"lazy\" decoding=\"async\" class=\"alignleft size-full wp-image-165\" src=\"http:\/\/parafiarososzyca.pl\/wp-content\/uploads\/2014\/01\/22-e1613321621993.jpg\" alt=\"\" width=\"100\" height=\"100\">Ze wzgl\u0119d\u00f3w epidemiologicznych, niedzielna msza \u015bw. na cmentarzu nie odb\u0119dzie si\u0119.<\/p>\n","protected":false},"excerpt":{"rendered":"<p>Ze wzgl\u0119d\u00f3w epidemiologicznych, niedzielna msza \u015bw. na cmentarzu nie odb\u0119dzie si\u0119.<\/p>\n","protected":false},"author":1,"featured_media":0,"comment_status":"closed","ping_status":"closed","sticky":false,"template":"","format":"standard","meta":{"ngg_post_thumbnail":0,"footnotes":"","_links_to":"","_links_to_target":""},"categories":[11],"tags":[],"class_list":{"0":"entry","1":"post","2":"publish","3":"author-admin","4":"post-18218","6":"format-standard","7":"category-rok-2020"},"_links":{"self":[{"href":"https:\/\/parafiarososzyca.pl\/index.php\/wp-json\/wp\/v2\/posts\/18218","targetHints":{"allow":["GET"]}}],"collection":[{"href":"https:\/\/parafiarososzyca.pl\/index.php\/wp-json\/wp\/v2\/posts"}],"about":[{"href":"https:\/\/parafiarososzyca.pl\/index.php\/wp-json\/wp\/v2\/types\/post"}],"author":[{"embeddable":true,"href":"https:\/\/parafiarososzyca.pl\/index.php\/wp-json\/wp\/v2\/users\/1"}],"replies":[{"embeddable":true,"href":"https:\/\/parafiarososzyca.pl\/index.php\/wp-json\/wp\/v2\/comments?post=18218"}],"version-history":[{"count":0,"href":"https:\/\/parafiarososzyca.pl\/index.php\/wp-json\/wp\/v2\/posts\/18218\/revisions"}],"wp:attachment":[{"href":"https:\/\/parafiarososzyca.pl\/index.php\/wp-json\/wp\/v2\/media?parent=18218"}],"wp:term":[{"taxonomy":"category","embeddable":true,"href":"https:\/\/parafiarososzyca.pl\/index.php\/wp-json\/wp\/v2\/categories?post=18218"},{"taxonomy":"post_tag","embeddable":true,"href":"https:\/\/parafiarososzyca.pl\/index.php\/wp-json\/wp\/v2\/tags?post=18218"}],"curies":[{"name":"wp","href":"https:\/\/api.w.org\/{rel}","templated":true}]}}