{"id":17381,"date":"2020-03-07T15:11:48","date_gmt":"2020-03-07T15:11:48","guid":{"rendered":"http:\/\/parafiarososzyca.pl\/?p=17381"},"modified":"2021-02-16T15:12:27","modified_gmt":"2021-02-16T15:12:27","slug":"akcja-charytatywna-dom-chlopakow-w-broniszewicach","status":"publish","type":"post","link":"https:\/\/parafiarososzyca.pl\/index.php\/2020\/03\/07\/akcja-charytatywna-dom-chlopakow-w-broniszewicach\/","title":{"rendered":"Akcja charytatywna &#8211; Dom Ch\u0142opak\u00f3w w Broniszewicach"},"content":{"rendered":"<p style=\"text-align: justify;\">W niedziele 8 marca 2020r. na mszy \u015bw. o godz. 11.00 go\u015bci\u0107 b\u0119dziemy siostr\u0119 zakonn\u0105 i podopiecznych z Domu Ch\u0142opak\u00f3w, kt\u00f3ry znajduje si\u0119 w Broniszewicach. B\u0119dzie mo\u017cliwo\u015b\u0107 nabycia ksi\u0105\u017cek w cenie 30 z\u0142. Przeprowadzona zostanie r\u00f3wnie\u017c w naszej parafii akcja charytatywna na rzecz tego wyj\u0105tkowego miejsca, kt\u00f3re funkcjonuje mi\u0119dzy innymi dzi\u0119ki darczy\u0144com.<!--more--><\/p>\n<p style=\"text-align: justify;\">Od 9 do 16 marca 2020r. przeprowadzona zostanie w naszej parafii akcja \u201eZBIERAMY \u015aRODKI CZYSTO\u015aCI\u201d dla Domu Ch\u0142opak\u00f3w w Broniszewicach (pow. pleszewski) prowadzonego przez Siostry Dominikanki. ZBIERAMY: myd\u0142o w p\u0142ynie, \u017cel pod prysznic, proszek do prania, p\u0142yn do mycia naczy\u0144, maszynki do golenia, chusteczki higieniczne, past\u0119 do z\u0119b\u00f3w. Towar mo\u017cna sk\u0142ada\u0107 do kosza w kruchcie ko\u015bcio\u0142a. Organizatorzy Ksi\u0105dz Proboszcz Grupa Charytatywna Kr\u00f3tka informacja Broniszewice to wie\u015b znajduj\u0105ca si\u0119 7 od Pleszewa. Znajduje si\u0119 tu Dom Ch\u0142opak\u00f3w prowadzony przez Siostry Dominikanki. Tak pisz\u0105 Siostry Dominikanki: Jeste\u015bmy siostrami zakonnymi i mamy 56 chorych, niepe\u0142nosprawnych podopiecznych. Ka\u017cdy z nich jest absolutnie wyj\u0105tkowy. Jedni z zespo\u0142em Downa, inni z dzieci\u0119cym pora\u017ceniem m\u00f3zgowym, a jeszcze inni zmagaj\u0105cy si\u0119 z autyzmem. Niekt\u00f3rzy nie widz\u0105, nie s\u0142ysz\u0105, a niekt\u00f3rzy nigdy nie opuszcz\u0105 swoich \u0142\u00f3\u017cek i nie b\u0119d\u0105 mogli si\u0119 cieszy\u0107 widokiem \u015bwiata. \u0141\u0105czy ich to, \u017ce z r\u00f3\u017cnych powod\u00f3w stracili dom i rodziny w kt\u00f3rych \u017cyli. Dzi\u0119ki wsparciu tysi\u0119cy Darczy\u0144c\u00f3w wybudowa\u0142y\u015bmy dla nich Dom Ch\u0142opak\u00f3w i staramy si\u0119, aby jak najlepiej funkcjonowa\u0142.<\/p>\n<p style=\"text-align: justify;\">Organizatorzy:<\/p>\n<p style=\"text-align: justify;\">Ksi\u0105dz Proboszcz, Grupa Charytatywna<\/p>\n","protected":false},"excerpt":{"rendered":"<p>W niedziele 8 marca 2020r. na mszy \u015bw. o godz. 11.00 go\u015bci\u0107 b\u0119dziemy siostr\u0119 zakonn\u0105 i podopiecznych z Domu Ch\u0142opak\u00f3w, kt\u00f3ry znajduje si\u0119 w Broniszewicach. B\u0119dzie mo\u017cliwo\u015b\u0107 nabycia ksi\u0105\u017cek w cenie 30 z\u0142. Przeprowadzona zostanie r\u00f3wnie\u017c w naszej parafii akcja charytatywna na rzecz tego wyj\u0105tkowego miejsca, kt\u00f3re funkcjonuje mi\u0119dzy innymi dzi\u0119ki darczy\u0144com.<\/p>\n","protected":false},"author":1,"featured_media":0,"comment_status":"closed","ping_status":"closed","sticky":false,"template":"","format":"standard","meta":{"ngg_post_thumbnail":0,"footnotes":"","_links_to":"","_links_to_target":""},"categories":[11],"tags":[],"class_list":{"0":"entry","1":"post","2":"publish","3":"author-admin","4":"has-more-link","5":"post-17381","7":"format-standard","8":"category-rok-2020"},"_links":{"self":[{"href":"https:\/\/parafiarososzyca.pl\/index.php\/wp-json\/wp\/v2\/posts\/17381","targetHints":{"allow":["GET"]}}],"collection":[{"href":"https:\/\/parafiarososzyca.pl\/index.php\/wp-json\/wp\/v2\/posts"}],"about":[{"href":"https:\/\/parafiarososzyca.pl\/index.php\/wp-json\/wp\/v2\/types\/post"}],"author":[{"embeddable":true,"href":"https:\/\/parafiarososzyca.pl\/index.php\/wp-json\/wp\/v2\/users\/1"}],"replies":[{"embeddable":true,"href":"https:\/\/parafiarososzyca.pl\/index.php\/wp-json\/wp\/v2\/comments?post=17381"}],"version-history":[{"count":0,"href":"https:\/\/parafiarososzyca.pl\/index.php\/wp-json\/wp\/v2\/posts\/17381\/revisions"}],"wp:attachment":[{"href":"https:\/\/parafiarososzyca.pl\/index.php\/wp-json\/wp\/v2\/media?parent=17381"}],"wp:term":[{"taxonomy":"category","embeddable":true,"href":"https:\/\/parafiarososzyca.pl\/index.php\/wp-json\/wp\/v2\/categories?post=17381"},{"taxonomy":"post_tag","embeddable":true,"href":"https:\/\/parafiarososzyca.pl\/index.php\/wp-json\/wp\/v2\/tags?post=17381"}],"curies":[{"name":"wp","href":"https:\/\/api.w.org\/{rel}","templated":true}]}}