{"id":1730,"date":"2015-05-20T11:51:20","date_gmt":"2015-05-20T11:51:20","guid":{"rendered":"http:\/\/parafiarososzyca.pl\/?p=1730"},"modified":"2021-02-14T12:04:43","modified_gmt":"2021-02-14T12:04:43","slug":"pierwsza-komunia-swieta","status":"publish","type":"post","link":"https:\/\/parafiarososzyca.pl\/index.php\/2015\/05\/20\/pierwsza-komunia-swieta\/","title":{"rendered":"Pierwsza Komunia \u015awi\u0119ta"},"content":{"rendered":"<p style=\"text-align: justify;\">10 maja w s\u0142oneczne, niedzielne przedpo\u0142udnie 20 dzieci z naszej parafii po raz pierwszy przyst\u0105pi\u0142o do Pierwszej Komunii \u015awi\u0119tej. Wzruszeni rodzice udzielili dzieciom b\u0142ogos\u0142awie\u0144stwa, nast\u0119pnie odnowione zosta\u0142y przyrzeczenia z Chrztu \u015aw.<\/p>\n<p><a href=\"http:\/\/parafiarososzyca.pl\/wp-content\/uploads\/2014\/01\/ZDJCIE-GRUPOWE-15-X-21.jpg\"><img loading=\"lazy\" decoding=\"async\" class=\"aligncenter wp-image-376\" src=\"http:\/\/parafiarososzyca.pl\/wp-content\/uploads\/2014\/01\/ZDJCIE-GRUPOWE-15-X-21-300x217.jpg\" alt=\"\" width=\"500\" height=\"362\" srcset=\"https:\/\/parafiarososzyca.pl\/wp-content\/uploads\/2014\/01\/ZDJCIE-GRUPOWE-15-X-21-300x217.jpg 300w, https:\/\/parafiarososzyca.pl\/wp-content\/uploads\/2014\/01\/ZDJCIE-GRUPOWE-15-X-21-1024x741.jpg 1024w, https:\/\/parafiarososzyca.pl\/wp-content\/uploads\/2014\/01\/ZDJCIE-GRUPOWE-15-X-21-768x556.jpg 768w, https:\/\/parafiarososzyca.pl\/wp-content\/uploads\/2014\/01\/ZDJCIE-GRUPOWE-15-X-21-1536x1112.jpg 1536w, https:\/\/parafiarososzyca.pl\/wp-content\/uploads\/2014\/01\/ZDJCIE-GRUPOWE-15-X-21-2048x1482.jpg 2048w, https:\/\/parafiarososzyca.pl\/wp-content\/uploads\/2014\/01\/ZDJCIE-GRUPOWE-15-X-21-140x101.jpg 140w\" sizes=\"auto, (max-width: 500px) 100vw, 500px\" \/><\/a><!--more--><\/p>\n<p style=\"text-align: justify;\">P\u0142omienie bia\u0142ych \u015bwiec towarzyszy\u0142y dzieciom pierwszokomunijnym przez ca\u0142y Bia\u0142y Tydzie\u0144 i niekt\u00f3re z \u017calem zabiera\u0142y je do domu.Mimo zdenerwowania i wzruszenia dzieci z uwag\u0105 wys\u0142ucha\u0142y homilii, a nast\u0119pnie w skupieniu przyj\u0119\u0142y pierwsz\u0105 w swym \u017cyciu Komuni\u0119, wykazuj\u0105c si\u0119 dojrza\u0142o\u015bci\u0105, a przede wszystkim okazuj\u0105c mi\u0142o\u015b\u0107 Jezusowi.<\/p>\nngg_shortcode_0_placeholder\n","protected":false},"excerpt":{"rendered":"<p>10 maja w s\u0142oneczne, niedzielne przedpo\u0142udnie 20 dzieci z naszej parafii po raz pierwszy przyst\u0105pi\u0142o do Pierwszej Komunii \u015awi\u0119tej. Wzruszeni rodzice udzielili dzieciom b\u0142ogos\u0142awie\u0144stwa, nast\u0119pnie odnowione zosta\u0142y przyrzeczenia z Chrztu \u015aw.<\/p>\n","protected":false},"author":1,"featured_media":0,"comment_status":"closed","ping_status":"closed","sticky":false,"template":"","format":"standard","meta":{"ngg_post_thumbnail":0,"footnotes":"","_links_to":"","_links_to_target":""},"categories":[6],"tags":[],"class_list":{"0":"entry","1":"post","2":"publish","3":"author-admin","4":"has-more-link","5":"post-1730","7":"format-standard","8":"category-rok-2015"},"_links":{"self":[{"href":"https:\/\/parafiarososzyca.pl\/index.php\/wp-json\/wp\/v2\/posts\/1730","targetHints":{"allow":["GET"]}}],"collection":[{"href":"https:\/\/parafiarososzyca.pl\/index.php\/wp-json\/wp\/v2\/posts"}],"about":[{"href":"https:\/\/parafiarososzyca.pl\/index.php\/wp-json\/wp\/v2\/types\/post"}],"author":[{"embeddable":true,"href":"https:\/\/parafiarososzyca.pl\/index.php\/wp-json\/wp\/v2\/users\/1"}],"replies":[{"embeddable":true,"href":"https:\/\/parafiarososzyca.pl\/index.php\/wp-json\/wp\/v2\/comments?post=1730"}],"version-history":[{"count":0,"href":"https:\/\/parafiarososzyca.pl\/index.php\/wp-json\/wp\/v2\/posts\/1730\/revisions"}],"wp:attachment":[{"href":"https:\/\/parafiarososzyca.pl\/index.php\/wp-json\/wp\/v2\/media?parent=1730"}],"wp:term":[{"taxonomy":"category","embeddable":true,"href":"https:\/\/parafiarososzyca.pl\/index.php\/wp-json\/wp\/v2\/categories?post=1730"},{"taxonomy":"post_tag","embeddable":true,"href":"https:\/\/parafiarososzyca.pl\/index.php\/wp-json\/wp\/v2\/tags?post=1730"}],"curies":[{"name":"wp","href":"https:\/\/api.w.org\/{rel}","templated":true}]}}