{"id":17278,"date":"2019-12-06T14:47:00","date_gmt":"2019-12-06T14:47:00","guid":{"rendered":"http:\/\/parafiarososzyca.pl\/?p=17278"},"modified":"2021-02-16T14:49:00","modified_gmt":"2021-02-16T14:49:00","slug":"spotkanie-ze-sw-mikolajem-5","status":"publish","type":"post","link":"https:\/\/parafiarososzyca.pl\/index.php\/2019\/12\/06\/spotkanie-ze-sw-mikolajem-5\/","title":{"rendered":"Spotkanie ze \u015bw. Miko\u0142ajem"},"content":{"rendered":"<p style=\"text-align: justify;\">6 grudnia \u015bwi\u0119tujemy \u015bw. Miko\u0142aja. W spos\u00f3b szczeg\u00f3lny czekaj\u0105 na niego wszystkie dzieci. W tym roku r\u00f3wnie\u017c przyby\u0142 do ko\u015bcio\u0142a \u015bw. Marka Ewangelisty i sprawi\u0142 wszystkim obecnym mn\u00f3stwo rado\u015bci oraz wywo\u0142a\u0142 szcz\u0119\u015bliwe u\u015bmiechy u obecnych podczas roratniej Eucharystii.<!--more--><\/p>\nngg_shortcode_0_placeholder\n","protected":false},"excerpt":{"rendered":"<p>6 grudnia \u015bwi\u0119tujemy \u015bw. Miko\u0142aja. W spos\u00f3b szczeg\u00f3lny czekaj\u0105 na niego wszystkie dzieci. W tym roku r\u00f3wnie\u017c przyby\u0142 do ko\u015bcio\u0142a \u015bw. Marka Ewangelisty i sprawi\u0142 wszystkim obecnym mn\u00f3stwo rado\u015bci oraz wywo\u0142a\u0142 szcz\u0119\u015bliwe u\u015bmiechy u obecnych podczas roratniej Eucharystii.<\/p>\n","protected":false},"author":1,"featured_media":0,"comment_status":"closed","ping_status":"closed","sticky":false,"template":"","format":"standard","meta":{"ngg_post_thumbnail":0,"footnotes":"","_links_to":"","_links_to_target":""},"categories":[10],"tags":[],"class_list":{"0":"entry","1":"post","2":"publish","3":"author-admin","4":"has-more-link","5":"post-17278","7":"format-standard","8":"category-rok-2019"},"_links":{"self":[{"href":"https:\/\/parafiarososzyca.pl\/index.php\/wp-json\/wp\/v2\/posts\/17278","targetHints":{"allow":["GET"]}}],"collection":[{"href":"https:\/\/parafiarososzyca.pl\/index.php\/wp-json\/wp\/v2\/posts"}],"about":[{"href":"https:\/\/parafiarososzyca.pl\/index.php\/wp-json\/wp\/v2\/types\/post"}],"author":[{"embeddable":true,"href":"https:\/\/parafiarososzyca.pl\/index.php\/wp-json\/wp\/v2\/users\/1"}],"replies":[{"embeddable":true,"href":"https:\/\/parafiarososzyca.pl\/index.php\/wp-json\/wp\/v2\/comments?post=17278"}],"version-history":[{"count":0,"href":"https:\/\/parafiarososzyca.pl\/index.php\/wp-json\/wp\/v2\/posts\/17278\/revisions"}],"wp:attachment":[{"href":"https:\/\/parafiarososzyca.pl\/index.php\/wp-json\/wp\/v2\/media?parent=17278"}],"wp:term":[{"taxonomy":"category","embeddable":true,"href":"https:\/\/parafiarososzyca.pl\/index.php\/wp-json\/wp\/v2\/categories?post=17278"},{"taxonomy":"post_tag","embeddable":true,"href":"https:\/\/parafiarososzyca.pl\/index.php\/wp-json\/wp\/v2\/tags?post=17278"}],"curies":[{"name":"wp","href":"https:\/\/api.w.org\/{rel}","templated":true}]}}