{"id":1725,"date":"2015-04-25T11:47:05","date_gmt":"2015-04-25T11:47:05","guid":{"rendered":"http:\/\/parafiarososzyca.pl\/?p=1725"},"modified":"2021-02-14T11:48:36","modified_gmt":"2021-02-14T11:48:36","slug":"swieto-sw-marka-ewangelisty-2","status":"publish","type":"post","link":"https:\/\/parafiarososzyca.pl\/index.php\/2015\/04\/25\/swieto-sw-marka-ewangelisty-2\/","title":{"rendered":"\u015awi\u0119to \u015bw. Marka Ewangelisty"},"content":{"rendered":"<p style=\"text-align: justify;\"><img loading=\"lazy\" decoding=\"async\" class=\"alignleft wp-image-279\" src=\"http:\/\/parafiarososzyca.pl\/wp-content\/uploads\/2014\/01\/marek1.jpg\" alt=\"\" width=\"91\" height=\"100\" srcset=\"https:\/\/parafiarososzyca.pl\/wp-content\/uploads\/2014\/01\/marek1.jpg 150w, https:\/\/parafiarososzyca.pl\/wp-content\/uploads\/2014\/01\/marek1-140x153.jpg 140w\" sizes=\"auto, (max-width: 91px) 100vw, 91px\" \/>Dzi\u015b przypada \u015bwi\u0119to \u015bw. Marka Ewangelisty patrona naszej parafii, obchodzimy wi\u0119c odpust. Msza \u015bw o godz 11.00 i wieczorem uroczysta suma odpustowa o godz 18.00. Zapraszamy serdecznie do uczestnictwa w mszach \u015bw.<\/p>\n","protected":false},"excerpt":{"rendered":"<p>Dzi\u015b przypada \u015bwi\u0119to \u015bw. Marka Ewangelisty patrona naszej parafii, obchodzimy wi\u0119c odpust. Msza \u015bw o godz 11.00 i wieczorem uroczysta suma odpustowa o godz 18.00. Zapraszamy serdecznie do uczestnictwa w mszach \u015bw.<\/p>\n","protected":false},"author":1,"featured_media":0,"comment_status":"closed","ping_status":"closed","sticky":false,"template":"","format":"standard","meta":{"ngg_post_thumbnail":0,"footnotes":"","_links_to":"","_links_to_target":""},"categories":[6],"tags":[],"class_list":{"0":"entry","1":"post","2":"publish","3":"author-admin","4":"post-1725","6":"format-standard","7":"category-rok-2015"},"_links":{"self":[{"href":"https:\/\/parafiarososzyca.pl\/index.php\/wp-json\/wp\/v2\/posts\/1725","targetHints":{"allow":["GET"]}}],"collection":[{"href":"https:\/\/parafiarososzyca.pl\/index.php\/wp-json\/wp\/v2\/posts"}],"about":[{"href":"https:\/\/parafiarososzyca.pl\/index.php\/wp-json\/wp\/v2\/types\/post"}],"author":[{"embeddable":true,"href":"https:\/\/parafiarososzyca.pl\/index.php\/wp-json\/wp\/v2\/users\/1"}],"replies":[{"embeddable":true,"href":"https:\/\/parafiarososzyca.pl\/index.php\/wp-json\/wp\/v2\/comments?post=1725"}],"version-history":[{"count":0,"href":"https:\/\/parafiarososzyca.pl\/index.php\/wp-json\/wp\/v2\/posts\/1725\/revisions"}],"wp:attachment":[{"href":"https:\/\/parafiarososzyca.pl\/index.php\/wp-json\/wp\/v2\/media?parent=1725"}],"wp:term":[{"taxonomy":"category","embeddable":true,"href":"https:\/\/parafiarososzyca.pl\/index.php\/wp-json\/wp\/v2\/categories?post=1725"},{"taxonomy":"post_tag","embeddable":true,"href":"https:\/\/parafiarososzyca.pl\/index.php\/wp-json\/wp\/v2\/tags?post=1725"}],"curies":[{"name":"wp","href":"https:\/\/api.w.org\/{rel}","templated":true}]}}