{"id":17184,"date":"2019-11-06T14:26:13","date_gmt":"2019-11-06T14:26:13","guid":{"rendered":"http:\/\/parafiarososzyca.pl\/?p=17184"},"modified":"2021-02-16T14:29:28","modified_gmt":"2021-02-16T14:29:28","slug":"nakreceni-dla-hani-2","status":"publish","type":"post","link":"https:\/\/parafiarososzyca.pl\/index.php\/2019\/11\/06\/nakreceni-dla-hani-2\/","title":{"rendered":"Nakr\u0119ceni dla Hani"},"content":{"rendered":"<p style=\"text-align: justify;\"><img loading=\"lazy\" decoding=\"async\" class=\"alignleft size-full wp-image-229\" src=\"http:\/\/parafiarososzyca.pl\/wp-content\/uploads\/2014\/01\/hania2019.jpg\" alt=\"\" width=\"100\" height=\"108\">6 listopada w Sali Ziemi na terenie Mi\u0119dzynarodowych Targ\u00f3w Pozna\u0144skich odby\u0142a si\u0119 uroczysta gala wr\u0119czenia nagr\u00f3d w XX edycji konkursu \u201eDzia\u0142ania proekologiczne i prokulturowe w ramach strategii rozwoju wojew\u00f3dztwa wielkopolskiego\u201d. W\u015br\u00f3d 160 projekt\u00f3w zg\u0142oszonych na konkurs, nagrodzono 27. Mi\u0142o nam zakomunikowa\u0107, \u017ce po\u015br\u00f3d laureat\u00f3w znalaz\u0142 si\u0119 r\u00f3wnie\u017c projekt napisany przez p. Miros\u0142aw\u0119 Kois przy wsp\u00f3\u0142pracy z ks. proboszczem Paw\u0142em Gu\u017adzio\u0142em, a zrealizowany przez Rad\u0119 Duszpastersk\u0105.<!--more--><\/p>\nngg_shortcode_0_placeholder\n<p style=\"text-align: justify;\">W realizacj\u0119 dzia\u0142a\u0144 projektowych uda\u0142o si\u0119 zaanga\u017cowa\u0107 niemal\u017ce wszystkie grupy, organizacje i instytucje dzia\u0142aj\u0105ce na terenie parafii. W ramach projektu \u201eNakr\u0119ceni dla Hani\u201d zorganizowano dla dzieci bal wszystkich \u015bwi\u0119tych z pokazem astronomicznym. Kol\u0119dnicy misyjni zbierali pieni\u0105dze na rzecz dzieci z Rwandy i Burundi. Zaprojektowano i wykonano tablic\u0119 informacyjn\u0105 zwi\u0105zan\u0105 z histori\u0105 ale r\u00f3wnie\u017c flor\u0105 i faun\u0105 otoczenia naszej \u015bwi\u0105tyni. Ale najwa\u017cniejszym dzia\u0142aniem, w kt\u00f3re zaanga\u017cowa\u0142o si\u0119 charytatywnie kilkaset os\u00f3b by\u0142o przygotowanie i przeprowadzenie festynu na rzecz naszej ma\u0142ej parafianki Hani. T\u0119 jedno\u015b\u0107, r\u00f3\u017cnorodno\u015b\u0107 dzia\u0142a\u0144, otwarte serce i bezinteresowne zaanga\u017cowanie zosta\u0142o docenione przez kapitu\u0142\u0119 konkursu, kt\u00f3ra przyzna\u0142a naszemu projektowi pierwsze miejsce i uzna\u0142a za najlepszy z dzia\u0142a\u0144 proekologicznych. Jeszcze raz pragniemy wszystkim, kt\u00f3rzy nas wspomogli podzi\u0119kowa\u0107, bo uda\u0142o si\u0119 nam tu \u201ena ziemi zbudowa\u0107 kawa\u0142ek nieba\u201d. Nagrody odebrali: ks. proboszcz Pawe\u0142 Gu\u017adzio\u0142 i p. Miros\u0142awa Kois. Laureatom konkursu towarzyszyli przewodnicz\u0105cy Rady Gminy w Sieroszewicach Rafa\u0142 Bartnik oraz sekretarz gminy pani Miros\u0142awa Busza.<\/p>\n","protected":false},"excerpt":{"rendered":"<p>6 listopada w Sali Ziemi na terenie Mi\u0119dzynarodowych Targ\u00f3w Pozna\u0144skich odby\u0142a si\u0119 uroczysta gala wr\u0119czenia nagr\u00f3d w XX edycji konkursu \u201eDzia\u0142ania proekologiczne i prokulturowe w ramach strategii rozwoju wojew\u00f3dztwa wielkopolskiego\u201d. W\u015br\u00f3d 160 projekt\u00f3w zg\u0142oszonych na konkurs, nagrodzono 27. Mi\u0142o nam zakomunikowa\u0107, \u017ce po\u015br\u00f3d laureat\u00f3w znalaz\u0142 si\u0119 r\u00f3wnie\u017c projekt napisany przez p. Miros\u0142aw\u0119 Kois przy wsp\u00f3\u0142pracy &#8230; <span class=\"more\"><a class=\"more-link\" href=\"https:\/\/parafiarososzyca.pl\/index.php\/2019\/11\/06\/nakreceni-dla-hani-2\/\">Czytaj dalej<\/a><\/span><\/p>\n","protected":false},"author":1,"featured_media":0,"comment_status":"closed","ping_status":"closed","sticky":false,"template":"","format":"standard","meta":{"ngg_post_thumbnail":0,"footnotes":"","_links_to":"","_links_to_target":""},"categories":[10],"tags":[],"class_list":{"0":"entry","1":"post","2":"publish","3":"author-admin","4":"has-more-link","5":"post-17184","7":"format-standard","8":"category-rok-2019"},"_links":{"self":[{"href":"https:\/\/parafiarososzyca.pl\/index.php\/wp-json\/wp\/v2\/posts\/17184","targetHints":{"allow":["GET"]}}],"collection":[{"href":"https:\/\/parafiarososzyca.pl\/index.php\/wp-json\/wp\/v2\/posts"}],"about":[{"href":"https:\/\/parafiarososzyca.pl\/index.php\/wp-json\/wp\/v2\/types\/post"}],"author":[{"embeddable":true,"href":"https:\/\/parafiarososzyca.pl\/index.php\/wp-json\/wp\/v2\/users\/1"}],"replies":[{"embeddable":true,"href":"https:\/\/parafiarososzyca.pl\/index.php\/wp-json\/wp\/v2\/comments?post=17184"}],"version-history":[{"count":0,"href":"https:\/\/parafiarososzyca.pl\/index.php\/wp-json\/wp\/v2\/posts\/17184\/revisions"}],"wp:attachment":[{"href":"https:\/\/parafiarososzyca.pl\/index.php\/wp-json\/wp\/v2\/media?parent=17184"}],"wp:term":[{"taxonomy":"category","embeddable":true,"href":"https:\/\/parafiarososzyca.pl\/index.php\/wp-json\/wp\/v2\/categories?post=17184"},{"taxonomy":"post_tag","embeddable":true,"href":"https:\/\/parafiarososzyca.pl\/index.php\/wp-json\/wp\/v2\/tags?post=17184"}],"curies":[{"name":"wp","href":"https:\/\/api.w.org\/{rel}","templated":true}]}}