{"id":17171,"date":"2019-11-08T14:18:26","date_gmt":"2019-11-08T14:18:26","guid":{"rendered":"http:\/\/parafiarososzyca.pl\/?p=17171"},"modified":"2021-02-16T14:20:55","modified_gmt":"2021-02-16T14:20:55","slug":"akcja-wolontariatu","status":"publish","type":"post","link":"https:\/\/parafiarososzyca.pl\/index.php\/2019\/11\/08\/akcja-wolontariatu\/","title":{"rendered":"Akcja wolontariatu"},"content":{"rendered":"<p style=\"text-align: center;\"><em><strong>Czasami wdzi\u0119czno\u015b\u0107 trudno jest ubra\u0107 w s\u0142owa\u2026\u2026..<\/strong><\/em><br \/>\n<em><strong>wtedy proste \u2013 dzi\u0119kujemy \u2013 zawiera wszystko co chcemy wyrazi\u0107\u2026.\u201d<\/strong><\/em><\/p>\n<p style=\"text-align: justify;\">Tymi s\u0142owami pragniemy z\u0142o\u017cy\u0107 podzi\u0119kowanie dla ofiarodawc\u00f3w za wielkie serca i wol\u0119 niesienia pomocy potrzebuj\u0105cym. <!--more--><\/p>\n<p style=\"text-align: justify;\">Podczas zbi\u00f3rek do puszek w sobot\u0119 5-tego i niedziel\u0119 6-tego pa\u017adziernika zebrano 2.535,89 z\u0142, co w przeliczeniu na osob\u0119 daje kwot\u0119 1.267,94 z\u0142.&nbsp;<\/p>\n<p style=\"text-align: justify;\">Wolontariusze przekazali pieni\u0105dze rodzinie p. S\u0142awomira \u015aniadego oraz Brajana.<\/p>\n<p style=\"text-align: justify;\">Dzi\u0119kuj\u0105 wolontariusze ze Szko\u0142y Podstawowej w Rososzycy.<\/p>\n<p><a href=\"http:\/\/parafiarososzyca.pl\/wp-content\/uploads\/2014\/01\/wolontariat.jpeg\"><img loading=\"lazy\" decoding=\"async\" class=\"aligncenter wp-image-373\" src=\"http:\/\/parafiarososzyca.pl\/wp-content\/uploads\/2014\/01\/wolontariat-225x300.jpeg\" alt=\"\" width=\"500\" height=\"667\" srcset=\"https:\/\/parafiarososzyca.pl\/wp-content\/uploads\/2014\/01\/wolontariat-225x300.jpeg 225w, https:\/\/parafiarososzyca.pl\/wp-content\/uploads\/2014\/01\/wolontariat-140x187.jpeg 140w, https:\/\/parafiarososzyca.pl\/wp-content\/uploads\/2014\/01\/wolontariat.jpeg 500w\" sizes=\"auto, (max-width: 500px) 100vw, 500px\" \/><\/a><\/p>\n","protected":false},"excerpt":{"rendered":"<p>Czasami wdzi\u0119czno\u015b\u0107 trudno jest ubra\u0107 w s\u0142owa\u2026\u2026.. wtedy proste \u2013 dzi\u0119kujemy \u2013 zawiera wszystko co chcemy wyrazi\u0107\u2026.\u201d Tymi s\u0142owami pragniemy z\u0142o\u017cy\u0107 podzi\u0119kowanie dla ofiarodawc\u00f3w za wielkie serca i wol\u0119 niesienia pomocy potrzebuj\u0105cym.<\/p>\n","protected":false},"author":1,"featured_media":0,"comment_status":"closed","ping_status":"closed","sticky":false,"template":"","format":"standard","meta":{"ngg_post_thumbnail":0,"footnotes":"","_links_to":"","_links_to_target":""},"categories":[10],"tags":[],"class_list":{"0":"entry","1":"post","2":"publish","3":"author-admin","4":"has-more-link","5":"post-17171","7":"format-standard","8":"category-rok-2019"},"_links":{"self":[{"href":"https:\/\/parafiarososzyca.pl\/index.php\/wp-json\/wp\/v2\/posts\/17171","targetHints":{"allow":["GET"]}}],"collection":[{"href":"https:\/\/parafiarososzyca.pl\/index.php\/wp-json\/wp\/v2\/posts"}],"about":[{"href":"https:\/\/parafiarososzyca.pl\/index.php\/wp-json\/wp\/v2\/types\/post"}],"author":[{"embeddable":true,"href":"https:\/\/parafiarososzyca.pl\/index.php\/wp-json\/wp\/v2\/users\/1"}],"replies":[{"embeddable":true,"href":"https:\/\/parafiarososzyca.pl\/index.php\/wp-json\/wp\/v2\/comments?post=17171"}],"version-history":[{"count":0,"href":"https:\/\/parafiarososzyca.pl\/index.php\/wp-json\/wp\/v2\/posts\/17171\/revisions"}],"wp:attachment":[{"href":"https:\/\/parafiarososzyca.pl\/index.php\/wp-json\/wp\/v2\/media?parent=17171"}],"wp:term":[{"taxonomy":"category","embeddable":true,"href":"https:\/\/parafiarososzyca.pl\/index.php\/wp-json\/wp\/v2\/categories?post=17171"},{"taxonomy":"post_tag","embeddable":true,"href":"https:\/\/parafiarososzyca.pl\/index.php\/wp-json\/wp\/v2\/tags?post=17171"}],"curies":[{"name":"wp","href":"https:\/\/api.w.org\/{rel}","templated":true}]}}