{"id":16994,"date":"2019-06-21T13:12:17","date_gmt":"2019-06-21T13:12:17","guid":{"rendered":"http:\/\/parafiarososzyca.pl\/?p=16994"},"modified":"2021-02-16T13:13:29","modified_gmt":"2021-02-16T13:13:29","slug":"spotkanie-dla-osob-chorych-i-starszych","status":"publish","type":"post","link":"https:\/\/parafiarososzyca.pl\/index.php\/2019\/06\/21\/spotkanie-dla-osob-chorych-i-starszych\/","title":{"rendered":"Spotkanie dla os\u00f3b chorych i starszych"},"content":{"rendered":"<p style=\"text-align: justify;\">W oktawie Bo\u017cego Cia\u0142a 26 czerwca 2019 r. o godz. 15:00 w ko\u015bciele \u015bw. Marka w Rososzycy&nbsp;odprawiona zostanie msza \u015bw. w intencji os\u00f3b chorych i starszych.&nbsp;Po mszy \u015bw. zapraszamy na spotkanie towarzyskie, kt\u00f3re odb\u0119dzie si\u0119 w sali wiejskiej&nbsp;w Rososzycy.<br \/>\nOrganizatorzy: Ksi\u0105dz Proboszcz oraz Grupa Charytatywna<\/p>\n","protected":false},"excerpt":{"rendered":"<p>W oktawie Bo\u017cego Cia\u0142a 26 czerwca 2019 r. o godz. 15:00 w ko\u015bciele \u015bw. Marka w Rososzycy&nbsp;odprawiona zostanie msza \u015bw. w intencji os\u00f3b chorych i starszych.&nbsp;Po mszy \u015bw. zapraszamy na spotkanie towarzyskie, kt\u00f3re odb\u0119dzie si\u0119 w sali wiejskiej&nbsp;w Rososzycy. Organizatorzy: Ksi\u0105dz Proboszcz oraz Grupa Charytatywna<\/p>\n","protected":false},"author":1,"featured_media":0,"comment_status":"closed","ping_status":"closed","sticky":false,"template":"","format":"standard","meta":{"ngg_post_thumbnail":0,"footnotes":"","_links_to":"","_links_to_target":""},"categories":[10],"tags":[],"class_list":{"0":"entry","1":"post","2":"publish","3":"author-admin","4":"post-16994","6":"format-standard","7":"category-rok-2019"},"_links":{"self":[{"href":"https:\/\/parafiarososzyca.pl\/index.php\/wp-json\/wp\/v2\/posts\/16994","targetHints":{"allow":["GET"]}}],"collection":[{"href":"https:\/\/parafiarososzyca.pl\/index.php\/wp-json\/wp\/v2\/posts"}],"about":[{"href":"https:\/\/parafiarososzyca.pl\/index.php\/wp-json\/wp\/v2\/types\/post"}],"author":[{"embeddable":true,"href":"https:\/\/parafiarososzyca.pl\/index.php\/wp-json\/wp\/v2\/users\/1"}],"replies":[{"embeddable":true,"href":"https:\/\/parafiarososzyca.pl\/index.php\/wp-json\/wp\/v2\/comments?post=16994"}],"version-history":[{"count":0,"href":"https:\/\/parafiarososzyca.pl\/index.php\/wp-json\/wp\/v2\/posts\/16994\/revisions"}],"wp:attachment":[{"href":"https:\/\/parafiarososzyca.pl\/index.php\/wp-json\/wp\/v2\/media?parent=16994"}],"wp:term":[{"taxonomy":"category","embeddable":true,"href":"https:\/\/parafiarososzyca.pl\/index.php\/wp-json\/wp\/v2\/categories?post=16994"},{"taxonomy":"post_tag","embeddable":true,"href":"https:\/\/parafiarososzyca.pl\/index.php\/wp-json\/wp\/v2\/tags?post=16994"}],"curies":[{"name":"wp","href":"https:\/\/api.w.org\/{rel}","templated":true}]}}