{"id":1653,"date":"2015-04-04T11:24:52","date_gmt":"2015-04-04T11:24:52","guid":{"rendered":"http:\/\/parafiarososzyca.pl\/?p=1653"},"modified":"2021-02-14T11:29:33","modified_gmt":"2021-02-14T11:29:33","slug":"wigilia-paschalna-2","status":"publish","type":"post","link":"https:\/\/parafiarososzyca.pl\/index.php\/2015\/04\/04\/wigilia-paschalna-2\/","title":{"rendered":"Wigilia Paschalna"},"content":{"rendered":"<p style=\"text-align: justify;\">Wielka Sobota to w Ko\u015bciele katolickim dzie\u0144 ciszy i oczekiwania, w kt\u00f3rym &#8211; opr\u00f3cz tradycyjnego \u015bwi\u0119cenia pokarm\u00f3w &#8211; ma miejsce obrz\u0119d po\u015bwi\u0119cenia \u015bwiat\u0142a i wody.<!--more--><\/p>\nngg_shortcode_0_placeholder\n<p style=\"text-align: justify;\">Sobota to jest dzie\u0144 wielkiej ciszy, kiedy ca\u0142y \u015bwiat si\u0119 zatrzymuje. Wspominamy czas, kiedy Chrystus zmar\u0142y le\u017cy w grobie &#8211; m\u00f3wi paulin, o. Micha\u0142 Legan. &#8211;&nbsp; Wtedy wszystko traci sens. Nic nie jest na swoim miejscu, nic si\u0119 nie da uporz\u0105dkowa\u0107. Taka ma by\u0107 Wielka Sobota &#8211; zaznacza. &#8211; Trzeba pami\u0119ta\u0107, \u017ce ten dzie\u0144 nie ma sensu, jest bezwarto\u015bciowy, je\u015bli si\u0119 nie zako\u0144czy Wigili\u0105 Paschaln\u0105 &#8211; dodaje duchowny.<\/p>\n<p style=\"text-align: justify;\">Sobota a\u017c do wieczora jest wype\u0142niona cisz\u0105. &#8211; To dzie\u0144, w kt\u00f3rym wszystko wydawa\u0142o si\u0119 by\u0107 sko\u0144czone i dzie\u0144, kiedy po ludzku s\u0105dz\u0105c nie sta\u0142o si\u0119 nic &#8211; m\u00f3wi ks. Wojciech W\u0119grzyniak. Ten dzie\u0144 uczy cierpliwo\u015bci i przypomina, \u017ce w \u015bwiecie \u017cycia i \u015bmierci dziej\u0105 si\u0119 zmiany, nawet je\u015bli ich chwilowo nie dostrzegamy &#8211; dodaje.<\/p>\n<p style=\"text-align: justify;\">W Wielk\u0105 Sobot\u0119 w ko\u015bcio\u0142ach trwaj\u0105 adoracje przy Bo\u017cym Grobie. Wtedy te\u017c odbywa si\u0119 \u015bwi\u0119cenie pokarm\u00f3w.<\/p>\n<p style=\"text-align: justify;\">Tradycyjna &#8222;\u015bwi\u0119conka&#8221;<\/p>\n<p style=\"text-align: justify;\">Tradycja \u015bwi\u0119cenia pokarm\u00f3w w Polsce to ewenement na skal\u0119 \u015bwiatow\u0105 &#8211; m\u00f3wi ks. Adam Parszywka, misjonarz i salezjanin. Cho\u0107 z tym zwyczajem mo\u017cna si\u0119 spotka\u0107 jeszcze np. w Bawarii czy niekt\u00f3rych regionach S\u0142owenii, nie jest tam tak popularny jak u nas. &#8211; \u015awi\u0119ceniem pokarm\u00f3w, zgodnie z tradycj\u0105, u\u015bwietniamy spos\u00f3b, w jaki b\u0119dziemy celebrowa\u0107 poranek zmartwychwstania w naszych rodzinach &#8211; wyja\u015bnia salezjanin. I przypomina zwyczaj staro\u017cytnych chrze\u015bcijan, kt\u00f3rzy gromadzili si\u0119 na pe\u0142nych rado\u015bci ucztach tzw. &#8222;agapach&#8221;. Obecnie form\u0105 wielkanocnej uczty jest spo\u017cywane w gronie rodziny \u015bniadanie wielkanocne (w niekt\u00f3rych domach kolacja po wigilii Paschalnej).<\/p>\n<p style=\"text-align: justify;\">Tradycyjny koszyczek ze &#8222;\u015bwi\u0119conk\u0105&#8221;<\/p>\n<p style=\"text-align: justify;\">Jeszcze dzi\u015b s\u0105 rejony na \u015bwiecie, gdzie celebruje si\u0119 wielkanocne agapy. &#8211; W niekt\u00f3rych cz\u0119\u015bciach Afryki to wci\u0105\u017c \u017cywa tradycja &#8211; opowiada ks. Parszywka. &#8211; W wielu miejscowo\u015bciach w sobot\u0119 wieczorem z ma\u0142ych ko\u015bcio\u0142\u00f3w misyjnych wyruszaj\u0105 procesje. Ich uczestnicy po drodze \u015bpiewaj\u0105, graj\u0105 na b\u0119bnach i nios\u0105 zapalone pochodnie &#8211; opowiada misjonarz. Wierni z tzw. &#8222;ko\u015bcio\u0142\u00f3w-satelit&#8221; schodz\u0105 si\u0119 do ko\u015bcio\u0142a centralnego, gdzie odprawiana jest msza rezurekcyjna, czyli msza zmartwychwstania. &#8211; Potem w\u0142a\u015bnie odbywaj\u0105 si\u0119 wielkie agape: wsp\u00f3lne, radosne uczty &#8211; wyja\u015bnia. Posi\u0142ki cz\u0119sto przygotowywane s\u0105 w wielkich kot\u0142ach, a w uczcie uczestnicz\u0105 wierni z ca\u0142ej okolicy.<\/p>\n<p style=\"text-align: justify;\">W Wielk\u0105 Sobot\u0119 po zachodzie s\u0142o\u0144ca zaczyna si\u0119 najwa\u017cniejsza noc w roku &#8211; wielka noc, noc, kiedy ukrzy\u017cowany Jezus zmartwychwsta\u0142 &#8211; t\u0142umaczy ks. W\u0119grzyniak. &#8211; Dlatego te\u017c w ko\u015bcio\u0142ach ma miejsce Liturgia Wielkiej Nocy zwana liturgi\u0105 paschaln\u0105. Podczas niej wspominamy najwi\u0119kszy cud \u015bwiata &#8211; zwyci\u0119stwo Jezusa nad \u015bmierci\u0105, szatanem i grzechem &#8211; wyja\u015bnia.<\/p>\n<p style=\"text-align: justify;\">\u015awiat\u0142o i woda. Liturgia Wielkiej Nocy<\/p>\n<p style=\"text-align: justify;\">Celebracja rozpoczyna si\u0119 Liturgi\u0105 \u015bwiat\u0142a. Przed budynkiem ko\u015bcio\u0142a kap\u0142an \u015bwi\u0119ci ogie\u0144, od kt\u00f3rego zapala pascha\u0142 &#8211; du\u017c\u0105 \u015bwiec\u0119, symbolizuj\u0105c\u0105 Zmartwychwsta\u0142ego Chrystusa. Jest on naznaczony pi\u0119cioma czerwonymi, ozdobnymi gwo\u017adziami &#8211; na pami\u0105tk\u0119 ran Jezusa. Zapalona \u015bwieca wnoszona jest do ogarni\u0119tej mrokiem \u015bwi\u0105tyni. Tam wierni odpalaj\u0105 swoje \u015bwiece od pascha\u0142u.<\/p>\n<p style=\"text-align: justify;\">W dalszej cz\u0119\u015bci liturgii paschalnej czyta si\u0119 fragmenty Starego i Nowego Testamentu, przeplatane \u015bpiewanymi psalmami. Przypominaj\u0105 one ca\u0142\u0105 histori\u0119 zbawienia &#8211;&nbsp; od stworzenia \u015bwiata, przez wyj\u015bcie Izraelit\u00f3w z niewoli egipskiej, proroctwa zapowiadaj\u0105ce nadej\u015bcie mesjasza a\u017c do ewangelii o zmartwychwstaniu Chrystusa.<\/p>\n<p style=\"text-align: justify;\">Tej nocy po blisko pi\u0119\u0107dziesi\u0119ciu dniach do ko\u015bcio\u0142\u00f3w powraca uroczysty \u015bpiew &#8222;Alleluja&#8221; i ma miejsce &#8222;rozwi\u0105zanie dzwon\u00f3w&#8221;. U\u017cywane od Wielkiego Czwartku drewniane ko\u0142atki zast\u0119puje si\u0119 &#8222;zwiastuj\u0105cymi rado\u015b\u0107&#8221; dzwonkami. &#8211; Wszystkie dzwony \u015bwiata bij\u0105 z rado\u015bci, \u017ce cz\u0142owiek mo\u017ce by\u0107 wolny nawet od \u015bmierci.<\/p>\n<p style=\"text-align: justify;\">Wielka Sobota, obrz\u0119d po\u015bwi\u0119cenia \u015bwiat\u0142a w Cz\u0119stochowie<\/p>\n<p style=\"text-align: justify;\">Kolejnym symbolem Wielkiej Soboty jest woda. Tego dnia \u015bwi\u0119ci si\u0119 j\u0105, a potem wykorzystuje w ci\u0105gu roku do obrz\u0119du chrztu. Dlatego te\u017c w sobot\u0119 w czasie nabo\u017ce\u0144stwa w wielu ko\u015bcio\u0142ach udziela si\u0119 sakramentu chrztu.&nbsp; &#8211; Dzi\u0119ki wodzie odradza si\u0119 \u017cycie, a ze zmartwychwsta\u0142ym Jezusem rodzi si\u0119 nowy ko\u015bci\u00f3\u0142.<\/p>\n<p style=\"text-align: justify;\">Wigilia Paschalna ko\u0144czy si\u0119 Eucharysti\u0105 i procesj\u0105 rezurekcyjn\u0105. Bo\u017cy gr\u00f3b pozostaje pusty, a na o\u0142tarzach pojawia si\u0119 figura Jezusa Zmartwychwsta\u0142ego.<\/p>\n<p style=\"text-align: justify;\">\u015awi\u0119towanie Triduum ko\u0144czy si\u0119 nieszporami niedzielnymi.<\/p>\n<p style=\"text-align: justify;\">\u0179r\u00f3d\u0142o informacji: Interia.pl<\/p>\n","protected":false},"excerpt":{"rendered":"<p>Wielka Sobota to w Ko\u015bciele katolickim dzie\u0144 ciszy i oczekiwania, w kt\u00f3rym &#8211; opr\u00f3cz tradycyjnego \u015bwi\u0119cenia pokarm\u00f3w &#8211; ma miejsce obrz\u0119d po\u015bwi\u0119cenia \u015bwiat\u0142a i wody.<\/p>\n","protected":false},"author":1,"featured_media":0,"comment_status":"closed","ping_status":"closed","sticky":false,"template":"","format":"standard","meta":{"ngg_post_thumbnail":0,"footnotes":"","_links_to":"","_links_to_target":""},"categories":[6],"tags":[],"class_list":{"0":"entry","1":"post","2":"publish","3":"author-admin","4":"has-more-link","5":"post-1653","7":"format-standard","8":"category-rok-2015"},"_links":{"self":[{"href":"https:\/\/parafiarososzyca.pl\/index.php\/wp-json\/wp\/v2\/posts\/1653","targetHints":{"allow":["GET"]}}],"collection":[{"href":"https:\/\/parafiarososzyca.pl\/index.php\/wp-json\/wp\/v2\/posts"}],"about":[{"href":"https:\/\/parafiarososzyca.pl\/index.php\/wp-json\/wp\/v2\/types\/post"}],"author":[{"embeddable":true,"href":"https:\/\/parafiarososzyca.pl\/index.php\/wp-json\/wp\/v2\/users\/1"}],"replies":[{"embeddable":true,"href":"https:\/\/parafiarososzyca.pl\/index.php\/wp-json\/wp\/v2\/comments?post=1653"}],"version-history":[{"count":0,"href":"https:\/\/parafiarososzyca.pl\/index.php\/wp-json\/wp\/v2\/posts\/1653\/revisions"}],"wp:attachment":[{"href":"https:\/\/parafiarososzyca.pl\/index.php\/wp-json\/wp\/v2\/media?parent=1653"}],"wp:term":[{"taxonomy":"category","embeddable":true,"href":"https:\/\/parafiarososzyca.pl\/index.php\/wp-json\/wp\/v2\/categories?post=1653"},{"taxonomy":"post_tag","embeddable":true,"href":"https:\/\/parafiarososzyca.pl\/index.php\/wp-json\/wp\/v2\/tags?post=1653"}],"curies":[{"name":"wp","href":"https:\/\/api.w.org\/{rel}","templated":true}]}}