{"id":16190,"date":"2019-05-23T12:44:40","date_gmt":"2019-05-23T12:44:40","guid":{"rendered":"http:\/\/parafiarososzyca.pl\/?p=16190"},"modified":"2021-02-16T12:47:28","modified_gmt":"2021-02-16T12:47:28","slug":"dziekczynienie-za-eucharystie","status":"publish","type":"post","link":"https:\/\/parafiarososzyca.pl\/index.php\/2019\/05\/23\/dziekczynienie-za-eucharystie\/","title":{"rendered":"Dzi\u0119kczynienie za Eucharysti\u0119"},"content":{"rendered":"<p style=\"text-align: justify;\">Uczniowie klasy III wraz z rodzinami 23 maja wyjechali na Jasn\u0105 G\u00f3r\u0119 aby podzi\u0119kowa\u0107 przed wizerunkiem Matki Bo\u017cej Kr\u00f3lowej Polski za dar Eucharystii. Po uroczystej Mszy \u015bw. Mieli r\u00f3wnie\u017c czas na zwiedzanie klasztoru, zdobycie wie\u017cy i poszerzanie swojej wiedzy o niezwyk\u0142\u0105 histori\u0119 jasnog\u00f3rskiego klasztoru.<!--more--><\/p>\nngg_shortcode_0_placeholder\n","protected":false},"excerpt":{"rendered":"<p>Uczniowie klasy III wraz z rodzinami 23 maja wyjechali na Jasn\u0105 G\u00f3r\u0119 aby podzi\u0119kowa\u0107 przed wizerunkiem Matki Bo\u017cej Kr\u00f3lowej Polski za dar Eucharystii. Po uroczystej Mszy \u015bw. Mieli r\u00f3wnie\u017c czas na zwiedzanie klasztoru, zdobycie wie\u017cy i poszerzanie swojej wiedzy o niezwyk\u0142\u0105 histori\u0119 jasnog\u00f3rskiego klasztoru.<\/p>\n","protected":false},"author":1,"featured_media":0,"comment_status":"closed","ping_status":"closed","sticky":false,"template":"","format":"standard","meta":{"ngg_post_thumbnail":0,"footnotes":"","_links_to":"","_links_to_target":""},"categories":[10],"tags":[],"class_list":{"0":"entry","1":"post","2":"publish","3":"author-admin","4":"has-more-link","5":"post-16190","7":"format-standard","8":"category-rok-2019"},"_links":{"self":[{"href":"https:\/\/parafiarososzyca.pl\/index.php\/wp-json\/wp\/v2\/posts\/16190","targetHints":{"allow":["GET"]}}],"collection":[{"href":"https:\/\/parafiarososzyca.pl\/index.php\/wp-json\/wp\/v2\/posts"}],"about":[{"href":"https:\/\/parafiarososzyca.pl\/index.php\/wp-json\/wp\/v2\/types\/post"}],"author":[{"embeddable":true,"href":"https:\/\/parafiarososzyca.pl\/index.php\/wp-json\/wp\/v2\/users\/1"}],"replies":[{"embeddable":true,"href":"https:\/\/parafiarososzyca.pl\/index.php\/wp-json\/wp\/v2\/comments?post=16190"}],"version-history":[{"count":0,"href":"https:\/\/parafiarososzyca.pl\/index.php\/wp-json\/wp\/v2\/posts\/16190\/revisions"}],"wp:attachment":[{"href":"https:\/\/parafiarososzyca.pl\/index.php\/wp-json\/wp\/v2\/media?parent=16190"}],"wp:term":[{"taxonomy":"category","embeddable":true,"href":"https:\/\/parafiarososzyca.pl\/index.php\/wp-json\/wp\/v2\/categories?post=16190"},{"taxonomy":"post_tag","embeddable":true,"href":"https:\/\/parafiarososzyca.pl\/index.php\/wp-json\/wp\/v2\/tags?post=16190"}],"curies":[{"name":"wp","href":"https:\/\/api.w.org\/{rel}","templated":true}]}}