{"id":16124,"date":"2019-05-15T12:29:49","date_gmt":"2019-05-15T12:29:49","guid":{"rendered":"http:\/\/parafiarososzyca.pl\/?p=16124"},"modified":"2021-02-16T12:32:49","modified_gmt":"2021-02-16T12:32:49","slug":"bialy-tydzien-3","status":"publish","type":"post","link":"https:\/\/parafiarososzyca.pl\/index.php\/2019\/05\/15\/bialy-tydzien-3\/","title":{"rendered":"Bia\u0142y Tydzie\u0144"},"content":{"rendered":"<p style=\"text-align: justify;\">Od poniedzia\u0142ku 13 maja rozpocz\u0105\u0142 si\u0119 w parafii \u015bw. Marka Ewangelisty bia\u0142y tydzie\u0144. W poniedzia\u0142ek podczas Eucharystii ks. Proboszcz Pawe\u0142 Gu\u017adzio\u0142 wr\u0119czy\u0142 dzieciom klasy III pami\u0105tki I Komunii. <!--more--><\/p>\nngg_shortcode_0_placeholder\n<p style=\"text-align: justify;\">Natomiast po wtorkowej Mszy \u015bw. i nabo\u017ce\u0144stwie majowym dzieci wraz z najbli\u017cszymi udali si\u0119 na cmentarz parafialny gdzie wsp\u00f3lnie pomodlono si\u0119 przy grobie \u015bp. Ks. Kanonika Bernarda Slotty i pani katechetki Sieroszewic Iwony Lis. Z\u0142o\u017cono tak\u017ce kwiaty i zapalono znicze.<\/p>\n","protected":false},"excerpt":{"rendered":"<p>Od poniedzia\u0142ku 13 maja rozpocz\u0105\u0142 si\u0119 w parafii \u015bw. Marka Ewangelisty bia\u0142y tydzie\u0144. W poniedzia\u0142ek podczas Eucharystii ks. Proboszcz Pawe\u0142 Gu\u017adzio\u0142 wr\u0119czy\u0142 dzieciom klasy III pami\u0105tki I Komunii.<\/p>\n","protected":false},"author":1,"featured_media":0,"comment_status":"closed","ping_status":"closed","sticky":false,"template":"","format":"standard","meta":{"ngg_post_thumbnail":0,"footnotes":"","_links_to":"","_links_to_target":""},"categories":[10],"tags":[],"class_list":{"0":"entry","1":"post","2":"publish","3":"author-admin","4":"has-more-link","5":"post-16124","7":"format-standard","8":"category-rok-2019"},"_links":{"self":[{"href":"https:\/\/parafiarososzyca.pl\/index.php\/wp-json\/wp\/v2\/posts\/16124","targetHints":{"allow":["GET"]}}],"collection":[{"href":"https:\/\/parafiarososzyca.pl\/index.php\/wp-json\/wp\/v2\/posts"}],"about":[{"href":"https:\/\/parafiarososzyca.pl\/index.php\/wp-json\/wp\/v2\/types\/post"}],"author":[{"embeddable":true,"href":"https:\/\/parafiarososzyca.pl\/index.php\/wp-json\/wp\/v2\/users\/1"}],"replies":[{"embeddable":true,"href":"https:\/\/parafiarososzyca.pl\/index.php\/wp-json\/wp\/v2\/comments?post=16124"}],"version-history":[{"count":0,"href":"https:\/\/parafiarososzyca.pl\/index.php\/wp-json\/wp\/v2\/posts\/16124\/revisions"}],"wp:attachment":[{"href":"https:\/\/parafiarososzyca.pl\/index.php\/wp-json\/wp\/v2\/media?parent=16124"}],"wp:term":[{"taxonomy":"category","embeddable":true,"href":"https:\/\/parafiarososzyca.pl\/index.php\/wp-json\/wp\/v2\/categories?post=16124"},{"taxonomy":"post_tag","embeddable":true,"href":"https:\/\/parafiarososzyca.pl\/index.php\/wp-json\/wp\/v2\/tags?post=16124"}],"curies":[{"name":"wp","href":"https:\/\/api.w.org\/{rel}","templated":true}]}}