{"id":16,"date":"2014-01-05T20:10:05","date_gmt":"2014-01-05T20:10:05","guid":{"rendered":"http:\/\/parafiarososzyca.pl\/?p=16"},"modified":"2021-02-13T14:28:11","modified_gmt":"2021-02-13T14:28:11","slug":"wspolne-koledowanie","status":"publish","type":"post","link":"https:\/\/parafiarososzyca.pl\/index.php\/2014\/01\/05\/wspolne-koledowanie\/","title":{"rendered":"Wsp\u00f3lne kol\u0119dowanie"},"content":{"rendered":"<p style=\"text-align: justify;\">Okres \u015bwi\u0105teczno-noworoczny sprzyja \u015bpiewaniu kol\u0119d, dlatego te\u017c grupa charytatywna 5 stycznia 2014 r. zorganizowa\u0142a na sali wiejskiej w Rososzycy wsp\u00f3lne kol\u0119dowanie dla parafian.<!--more--><br \/>\nNa pocz\u0105tku spotkania ch\u00f3rek &#8222;Pi\u00f3rko Anio\u0142a&#8221; pod kierunkiem pani K. Sawickiej wykona\u0142 pi\u0119kne pastora\u0142ki i wprowadzi\u0142 wszystkich w \u015bwi\u0105teczny nastr\u00f3j. Opraw\u0119 muzyczn\u0105 kol\u0119d oraz nag\u0142o\u015bnienie przygotowa\u0142 M. Stacherzak. Skromny pocz\u0119stunek &#8211; aromatyczne pierniki, kawa i herbata zapewni\u0142y rodzinn\u0105 atmosfer\u0119. Wszystkich zjednoczy\u0142y wsp\u00f3lnie \u015bpiewane kol\u0119dy i rozmowy, a najm\u0142odsze dzieci udowodni\u0142y, \u017ce r\u00f3wnie\u017c ta\u0144cem mo\u017cna okazywa\u0107 rado\u015b\u0107 z narodzenia Pana. Parafianie mieli r\u00f3wnie\u017c okazj\u0119 us\u0142ysze\u0107 pi\u0119kn\u0105 kol\u0119d\u0119 napisan\u0105 przez pana E. Niklasa z Psar.<\/p>\n","protected":false},"excerpt":{"rendered":"<p>Okres \u015bwi\u0105teczno-noworoczny sprzyja \u015bpiewaniu kol\u0119d, dlatego te\u017c grupa charytatywna 5 stycznia 2014 r. zorganizowa\u0142a na sali wiejskiej w Rososzycy wsp\u00f3lne kol\u0119dowanie dla parafian.<\/p>\n","protected":false},"author":1,"featured_media":178,"comment_status":"closed","ping_status":"closed","sticky":false,"template":"","format":"standard","meta":{"ngg_post_thumbnail":0,"footnotes":"","_links_to":"","_links_to_target":""},"categories":[2],"tags":[],"class_list":{"0":"entry","1":"post","2":"publish","3":"author-admin","4":"has-more-link","5":"post-16","7":"format-standard","8":"has-post-thumbnail","9":"category-rok2014"},"_links":{"self":[{"href":"https:\/\/parafiarososzyca.pl\/index.php\/wp-json\/wp\/v2\/posts\/16","targetHints":{"allow":["GET"]}}],"collection":[{"href":"https:\/\/parafiarososzyca.pl\/index.php\/wp-json\/wp\/v2\/posts"}],"about":[{"href":"https:\/\/parafiarososzyca.pl\/index.php\/wp-json\/wp\/v2\/types\/post"}],"author":[{"embeddable":true,"href":"https:\/\/parafiarososzyca.pl\/index.php\/wp-json\/wp\/v2\/users\/1"}],"replies":[{"embeddable":true,"href":"https:\/\/parafiarososzyca.pl\/index.php\/wp-json\/wp\/v2\/comments?post=16"}],"version-history":[{"count":0,"href":"https:\/\/parafiarososzyca.pl\/index.php\/wp-json\/wp\/v2\/posts\/16\/revisions"}],"wp:featuredmedia":[{"embeddable":true,"href":"https:\/\/parafiarososzyca.pl\/index.php\/wp-json\/wp\/v2\/media\/178"}],"wp:attachment":[{"href":"https:\/\/parafiarososzyca.pl\/index.php\/wp-json\/wp\/v2\/media?parent=16"}],"wp:term":[{"taxonomy":"category","embeddable":true,"href":"https:\/\/parafiarososzyca.pl\/index.php\/wp-json\/wp\/v2\/categories?post=16"},{"taxonomy":"post_tag","embeddable":true,"href":"https:\/\/parafiarososzyca.pl\/index.php\/wp-json\/wp\/v2\/tags?post=16"}],"curies":[{"name":"wp","href":"https:\/\/api.w.org\/{rel}","templated":true}]}}