{"id":15629,"date":"2019-04-19T11:11:48","date_gmt":"2019-04-19T11:11:48","guid":{"rendered":"http:\/\/parafiarososzyca.pl\/?p=15629"},"modified":"2021-02-16T11:15:05","modified_gmt":"2021-02-16T11:15:05","slug":"wielki-piatek-4","status":"publish","type":"post","link":"https:\/\/parafiarososzyca.pl\/index.php\/2019\/04\/19\/wielki-piatek-4\/","title":{"rendered":"Wielki Pi\u0105tek"},"content":{"rendered":"<p style=\"text-align: justify;\">Wielki Pi\u0105tek jest drugim dniem Triduum Paschalnego. W Ko\u015bciele katolickim to czas powagi i skupienia, kiedy przypomina si\u0119 m\u0119k\u0119 i \u015bmier\u0107 Chrystusa. Wielki Pi\u0105tek to dzie\u0144, w kt\u00f3rym wspominamy \u015bmier\u0107 Jezusa Chrystusa. \u015amier\u0107, kt\u00f3r\u0105 poprzedzi\u0142 niesprawiedliwy wyrok, biczowanie, cierniem ukoronowanie, droga krzy\u017cowa i ukrzy\u017cowanie &#8211; podkre\u015bla ks. Wojciech W\u0119grzyniak.<!--more--><\/p>\n<p style=\"text-align: justify;\">To jedyny dzie\u0144 w roku, kiedy w Ko\u015bciele katolickim nie jest odprawiana msza \u015bwi\u0119ta. Rozpocz\u0119ciu wielkopi\u0105tkowej liturgii nie towarzyszy \u015bpiew ani d\u017awi\u0119ki organ\u00f3w. Nie u\u017cywa si\u0119 te\u017c dzwonk\u00f3w.<\/p>\n<p style=\"text-align: justify;\">&#8211; Jeszcze w czwartek ma miejsce tzw. zawi\u0105zanie dzwon\u00f3w. Dzwon obwieszcza co\u015b radosnego. Po ostatniej wieczerzy Jezus zostaje pojmany, a w pi\u0105tek umiera na krzy\u017cu. Dlatego w tych dniach u\u017cywa si\u0119 drewnianych ko\u0142atek &#8211; wyja\u015bnia ks. Adam Parszywka, salezjanin i misjonarz.<\/p>\n<p style=\"text-align: justify;\">Na pocz\u0105tku wielkopi\u0105tkowej liturgii kap\u0142an w ciszy le\u017cy krzy\u017cem przed o\u0142tarzem. Nast\u0119pnie czytane jest proroctwo o Cierpi\u0105cym S\u0142udze Jahwe i fragment listu do Hebrajczyk\u00f3w. Po tym czyta si\u0119 albo \u015bpiewa &#8211; cz\u0119sto z podzia\u0142em na role &#8211; opis m\u0119ki pa\u0144skiej z ewangelii \u015bw. Jana.<\/p>\n<p style=\"text-align: justify;\">&#8211; Tego dnia przede wszystkim celebruje si\u0119 krzy\u017c &#8211; zaznacza ks. Parszywka. Centralnym momentem wielkopi\u0105tkowej liturgii jest jego adoracja. Zas\u0142oni\u0119ty fioletowym suknem krzy\u017c wnosi si\u0119 przed o\u0142tarz. Celebrans stopniowo ods\u0142ania ramiona krzy\u017ca i wizerunek Chrystusa i \u015bpiewa trzykrotnie: &#8222;Oto drzewo Krzy\u017ca, na kt\u00f3rym zawis\u0142o zbawienie \u015bwiata&#8221;. Wierni odpowiadaj\u0105: &#8222;P\u00f3jd\u017amy z pok\u0142onem&#8221;.<\/p>\n<p style=\"text-align: justify;\">Na zako\u0144czenie liturgii Wielkiego Pi\u0105tku ma miejsce procesja z krzy\u017cem do Bo\u017cego Grobu. Krzy\u017c tam zostaje, a wierni mog\u0105 go adorowa\u0107. W wielu ko\u015bcio\u0142ach przez ca\u0142\u0105 noc trwa adoracja.<\/p>\n<p style=\"text-align: justify;\">&#8211; Dzi\u015b chrze\u015bcijanie wpatruj\u0105 si\u0119 ze zdumieniem w krzy\u017c, poniewa\u017c ten symbol najokrutniejszego cierpienia sta\u0142 si\u0119 przez Jezusa znakiem nadziei &#8211; m\u00f3wi ks. W\u0119grzyniak. &#8211;&nbsp; Jezus nie zbawi\u0142 ludzi w Kanie Galilejskiej ani wtedy, kiedy nakarmi\u0142 tysi\u0105ce chlebem. To w\u0142a\u015bnie na krzy\u017cu, nie mog\u0105c ruszy\u0107 ani r\u0119k\u0105, ani nog\u0105, Jezus zrobi\u0142 co\u015b, czego nie zrobi\u0142 nikt przed nim i nie zrobi ju\u017c nikt po nim. Jezus otworzy\u0142 ludziom drzwi do domu Ojca &#8211; wyja\u015bnia duchowny.<\/p>\n<p style=\"text-align: justify;\">Co si\u0119 sta\u0142o w Wielki Pi\u0105tek tysi\u0105ce lat temu? &#8211; Mo\u017cna na to patrze\u0107 z r\u00f3\u017cnych punkt\u00f3w widzenia. Np. politycznie &#8211; Jezus by\u0142 niebezpieczny z punktu widzenia politycznego i zosta\u0142 zlikwidowany &#8211; m\u00f3wi o. Micha\u0142 Legan, paulin. &#8211; Mo\u017cna te\u017c spojrze\u0107 biblijnie. Wszyscy prorocy i ca\u0142a historia Starego Testamentu jest jedn\u0105 wielka zapowiedzi\u0105 tego, \u017ce kiedy przyjdzie mesjasz, dokona najwi\u0119kszej ofiary. Odda za cz\u0142owieka swoje \u017cycie&nbsp; &#8211; wyja\u015bnia paulin.<\/p>\n<p style=\"text-align: justify;\">Krzy\u017c jest szczeg\u00f3lnym symbolem dla katolik\u00f3w. \u015aw. Jan Pawe\u0142 II nazywa\u0142 go &#8222;drogowskazem w dzia\u0142aniu i \u015bwiat\u0142em rozja\u015bniaj\u0105cym \u017cycie&#8221;, a o ramionach krzy\u017ca m\u00f3wi\u0142, \u017ce &#8222;\u0142\u0105cz\u0105 niebo z ziemi\u0105 i ludzi mi\u0119dzy sob\u0105&#8221; (Siedlce, 1999 r.).<\/p>\n<p style=\"text-align: justify;\">\u0179r\u00f3d\u0142o informacji : Interia<\/p>\n<p style=\"text-align: justify;\">O godz. 15 odby\u0142a si\u0119 droga krzy\u017cowa, kt\u00f3rej stacje rozwa\u017cane by\u0142y na trasie wok\u00f3\u0142 ko\u015bcio\u0142a. Nabo\u017ce\u0144stwo zako\u0144czy\u0142o si\u0119 koronk\u0105 do Bo\u017cego Mi\u0142osierdzia.<\/p>\nngg_shortcode_0_placeholder\n","protected":false},"excerpt":{"rendered":"<p>Wielki Pi\u0105tek jest drugim dniem Triduum Paschalnego. W Ko\u015bciele katolickim to czas powagi i skupienia, kiedy przypomina si\u0119 m\u0119k\u0119 i \u015bmier\u0107 Chrystusa. Wielki Pi\u0105tek to dzie\u0144, w kt\u00f3rym wspominamy \u015bmier\u0107 Jezusa Chrystusa. \u015amier\u0107, kt\u00f3r\u0105 poprzedzi\u0142 niesprawiedliwy wyrok, biczowanie, cierniem ukoronowanie, droga krzy\u017cowa i ukrzy\u017cowanie &#8211; podkre\u015bla ks. Wojciech W\u0119grzyniak.<\/p>\n","protected":false},"author":1,"featured_media":0,"comment_status":"closed","ping_status":"closed","sticky":false,"template":"","format":"standard","meta":{"ngg_post_thumbnail":0,"footnotes":"","_links_to":"","_links_to_target":""},"categories":[10],"tags":[],"class_list":{"0":"entry","1":"post","2":"publish","3":"author-admin","4":"has-more-link","5":"post-15629","7":"format-standard","8":"category-rok-2019"},"_links":{"self":[{"href":"https:\/\/parafiarososzyca.pl\/index.php\/wp-json\/wp\/v2\/posts\/15629","targetHints":{"allow":["GET"]}}],"collection":[{"href":"https:\/\/parafiarososzyca.pl\/index.php\/wp-json\/wp\/v2\/posts"}],"about":[{"href":"https:\/\/parafiarososzyca.pl\/index.php\/wp-json\/wp\/v2\/types\/post"}],"author":[{"embeddable":true,"href":"https:\/\/parafiarososzyca.pl\/index.php\/wp-json\/wp\/v2\/users\/1"}],"replies":[{"embeddable":true,"href":"https:\/\/parafiarososzyca.pl\/index.php\/wp-json\/wp\/v2\/comments?post=15629"}],"version-history":[{"count":0,"href":"https:\/\/parafiarososzyca.pl\/index.php\/wp-json\/wp\/v2\/posts\/15629\/revisions"}],"wp:attachment":[{"href":"https:\/\/parafiarososzyca.pl\/index.php\/wp-json\/wp\/v2\/media?parent=15629"}],"wp:term":[{"taxonomy":"category","embeddable":true,"href":"https:\/\/parafiarososzyca.pl\/index.php\/wp-json\/wp\/v2\/categories?post=15629"},{"taxonomy":"post_tag","embeddable":true,"href":"https:\/\/parafiarososzyca.pl\/index.php\/wp-json\/wp\/v2\/tags?post=15629"}],"curies":[{"name":"wp","href":"https:\/\/api.w.org\/{rel}","templated":true}]}}