{"id":15592,"date":"2019-04-18T11:08:45","date_gmt":"2019-04-18T11:08:45","guid":{"rendered":"http:\/\/parafiarososzyca.pl\/?p=15592"},"modified":"2021-02-16T11:11:15","modified_gmt":"2021-02-16T11:11:15","slug":"wielki-czwartek-6","status":"publish","type":"post","link":"https:\/\/parafiarososzyca.pl\/index.php\/2019\/04\/18\/wielki-czwartek-6\/","title":{"rendered":"Wielki Czwartek"},"content":{"rendered":"<p style=\"text-align: justify;\">Dzi\u015b przypada Wielki Czwartek, kt\u00f3ry rozpoczyna Triduum Paschalne. S\u0105 to trzy dni poprzedzaj\u0105ce Zmartwychwstanie Chrystusa. Uroczysto\u015b\u0107 Wielkiego Czwartku upami\u0119tnia ustanowienie Eucharystii oraz sakramentu kap\u0142a\u0144stwa. <!--more--><\/p>\n<p style=\"text-align: justify;\">W Wielki Czwartek w ko\u015bcio\u0142ach katedralnych jest odprawiana tak zwana &#8222;msza krzy\u017cma&#8221;. Olej po\u015bwi\u0119cony podczas tej mszy jest u\u017cywany w ci\u0105gu roku do udzielania sakrament\u00f3w chrztu, bierzmowania i namaszczenia.<\/p>\n<p style=\"text-align: justify;\">Z liturgi\u0105 tego dnia \u0142\u0105czy si\u0119 obrz\u0119d obmycia n\u00f3g przez biskupa dwunastu m\u0119\u017cczyznom. Ma on upami\u0119tnia\u0107 Ostatni\u0105 Wieczerz\u0119, kiedy Jezus uczyni\u0142 to uczniom. Obrz\u0119d ten i jego sens wyja\u015bniaj\u0105 towarzysz\u0105ce mu s\u0142owa &#8222;Przykazanie nowe daj\u0119 wam, aby\u015bcie si\u0119 wzajemnie mi\u0142owali&#8230;&#8221; z ewangelii wed\u0142ug \u015bw. Jana.<\/p>\nngg_shortcode_0_placeholder\n","protected":false},"excerpt":{"rendered":"<p>Dzi\u015b przypada Wielki Czwartek, kt\u00f3ry rozpoczyna Triduum Paschalne. S\u0105 to trzy dni poprzedzaj\u0105ce Zmartwychwstanie Chrystusa. Uroczysto\u015b\u0107 Wielkiego Czwartku upami\u0119tnia ustanowienie Eucharystii oraz sakramentu kap\u0142a\u0144stwa.<\/p>\n","protected":false},"author":1,"featured_media":0,"comment_status":"closed","ping_status":"closed","sticky":false,"template":"","format":"standard","meta":{"ngg_post_thumbnail":0,"footnotes":"","_links_to":"","_links_to_target":""},"categories":[10],"tags":[],"class_list":{"0":"entry","1":"post","2":"publish","3":"author-admin","4":"has-more-link","5":"post-15592","7":"format-standard","8":"category-rok-2019"},"_links":{"self":[{"href":"https:\/\/parafiarososzyca.pl\/index.php\/wp-json\/wp\/v2\/posts\/15592","targetHints":{"allow":["GET"]}}],"collection":[{"href":"https:\/\/parafiarososzyca.pl\/index.php\/wp-json\/wp\/v2\/posts"}],"about":[{"href":"https:\/\/parafiarososzyca.pl\/index.php\/wp-json\/wp\/v2\/types\/post"}],"author":[{"embeddable":true,"href":"https:\/\/parafiarososzyca.pl\/index.php\/wp-json\/wp\/v2\/users\/1"}],"replies":[{"embeddable":true,"href":"https:\/\/parafiarososzyca.pl\/index.php\/wp-json\/wp\/v2\/comments?post=15592"}],"version-history":[{"count":0,"href":"https:\/\/parafiarososzyca.pl\/index.php\/wp-json\/wp\/v2\/posts\/15592\/revisions"}],"wp:attachment":[{"href":"https:\/\/parafiarososzyca.pl\/index.php\/wp-json\/wp\/v2\/media?parent=15592"}],"wp:term":[{"taxonomy":"category","embeddable":true,"href":"https:\/\/parafiarososzyca.pl\/index.php\/wp-json\/wp\/v2\/categories?post=15592"},{"taxonomy":"post_tag","embeddable":true,"href":"https:\/\/parafiarososzyca.pl\/index.php\/wp-json\/wp\/v2\/tags?post=15592"}],"curies":[{"name":"wp","href":"https:\/\/api.w.org\/{rel}","templated":true}]}}