{"id":15333,"date":"2019-02-12T10:46:25","date_gmt":"2019-02-12T10:46:25","guid":{"rendered":"http:\/\/parafiarososzyca.pl\/?p=15333"},"modified":"2021-02-16T10:47:16","modified_gmt":"2021-02-16T10:47:16","slug":"wycieczka-autokarowa-do-budapesztu-i-wiednia","status":"publish","type":"post","link":"https:\/\/parafiarososzyca.pl\/index.php\/2019\/02\/12\/wycieczka-autokarowa-do-budapesztu-i-wiednia\/","title":{"rendered":"Wycieczka autokarowa do Budapesztu i Wiednia"},"content":{"rendered":"<p style=\"text-align: justify;\">Jest mo\u017cliwo\u015b\u0107 wyjazdu do Budapesztu, po drodze przejazd przez Wiede\u0144, w dniach 27-30 maja koszt 1190 z\u0142 plus 25 euro. Wyjazd organizowany z parafi\u0105 z Nowych Skalmierzyc jest 15 wolnych miejsc. Zapisy w zakrystii.<\/p>\n","protected":false},"excerpt":{"rendered":"<p>Jest mo\u017cliwo\u015b\u0107 wyjazdu do Budapesztu, po drodze przejazd przez Wiede\u0144, w dniach 27-30 maja koszt 1190 z\u0142 plus 25 euro. Wyjazd organizowany z parafi\u0105 z Nowych Skalmierzyc jest 15 wolnych miejsc. Zapisy w zakrystii.<\/p>\n","protected":false},"author":1,"featured_media":0,"comment_status":"closed","ping_status":"closed","sticky":false,"template":"","format":"standard","meta":{"ngg_post_thumbnail":0,"footnotes":"","_links_to":"","_links_to_target":""},"categories":[10],"tags":[],"class_list":{"0":"entry","1":"post","2":"publish","3":"author-admin","4":"post-15333","6":"format-standard","7":"category-rok-2019"},"_links":{"self":[{"href":"https:\/\/parafiarososzyca.pl\/index.php\/wp-json\/wp\/v2\/posts\/15333","targetHints":{"allow":["GET"]}}],"collection":[{"href":"https:\/\/parafiarososzyca.pl\/index.php\/wp-json\/wp\/v2\/posts"}],"about":[{"href":"https:\/\/parafiarososzyca.pl\/index.php\/wp-json\/wp\/v2\/types\/post"}],"author":[{"embeddable":true,"href":"https:\/\/parafiarososzyca.pl\/index.php\/wp-json\/wp\/v2\/users\/1"}],"replies":[{"embeddable":true,"href":"https:\/\/parafiarososzyca.pl\/index.php\/wp-json\/wp\/v2\/comments?post=15333"}],"version-history":[{"count":0,"href":"https:\/\/parafiarososzyca.pl\/index.php\/wp-json\/wp\/v2\/posts\/15333\/revisions"}],"wp:attachment":[{"href":"https:\/\/parafiarososzyca.pl\/index.php\/wp-json\/wp\/v2\/media?parent=15333"}],"wp:term":[{"taxonomy":"category","embeddable":true,"href":"https:\/\/parafiarososzyca.pl\/index.php\/wp-json\/wp\/v2\/categories?post=15333"},{"taxonomy":"post_tag","embeddable":true,"href":"https:\/\/parafiarososzyca.pl\/index.php\/wp-json\/wp\/v2\/tags?post=15333"}],"curies":[{"name":"wp","href":"https:\/\/api.w.org\/{rel}","templated":true}]}}