{"id":15016,"date":"2018-11-29T09:35:50","date_gmt":"2018-11-29T09:35:50","guid":{"rendered":"http:\/\/parafiarososzyca.pl\/?p=15016"},"modified":"2021-02-16T09:39:25","modified_gmt":"2021-02-16T09:39:25","slug":"vi-gminno-dekanalny-konkurs-biblijny","status":"publish","type":"post","link":"https:\/\/parafiarososzyca.pl\/index.php\/2018\/11\/29\/vi-gminno-dekanalny-konkurs-biblijny\/","title":{"rendered":"VI Gminno-Dekanalny Konkurs Biblijny"},"content":{"rendered":"<p style=\"text-align: justify;\">Szko\u0142a Podstawowa w Rososzycy we wsp\u00f3\u0142pracy z parafi\u0105 \u015bw. Marka Ewangelisty w Rososzycy organizuje rokrocznie dla szk\u00f3\u0142 gminy Sieroszewice i dekanatu o\u0142obockiego konkurs biblijny. W tym roku zorganizowany zosta\u0142 27 listopada br.<!--more--><\/p>\nngg_shortcode_0_placeholder\n<p style=\"text-align: justify;\">Aby umo\u017cliwi\u0107 udzia\u0142 uczniom ch\u0119tnym z klas IV-VIII zorganizowano eliminacje w dw\u00f3ch kategoriach wiekowych: uczniowie klas IV-VI rozwi\u0105zywali test dotycz\u0105cy Ewangelii \u015bw. Mateusza, natomiast przedstawiciele klas VII-VIII zag\u0142\u0119biali si\u0119 w pocz\u0105tki Starego Testamentu, a dok\u0142adnie poznawali Ksi\u0119g\u0119 Rodzaju. Uczni\u00f3w i nauczycieli powita\u0142a dyrektor szko\u0142y El\u017cbieta Chmura. Natomiast zasady i przebieg przybli\u017cy\u0142a koordynator konkursu Miros\u0142awa Kois. W zmaganiach konkursowych udzia\u0142 wzi\u0119li uczniowie szk\u00f3\u0142 podstawowych z Biskupic O\u0142obocznych, Gostyczyny, Masanowa, Oci\u0105\u017ca, O\u0142oboku, Parczewa, Rososzycy, Strzy\u017cewa i Wielowsi.<\/p>\n<p style=\"text-align: justify;\"><a href=\"http:\/\/parafiarososzyca.pl\/wp-content\/uploads\/2014\/01\/konkursbiblijny2018-scaled.jpg\"><img loading=\"lazy\" decoding=\"async\" class=\"aligncenter wp-image-261\" src=\"http:\/\/parafiarososzyca.pl\/wp-content\/uploads\/2014\/01\/konkursbiblijny2018-300x199.jpg\" alt=\"\" width=\"500\" height=\"332\" srcset=\"https:\/\/parafiarososzyca.pl\/wp-content\/uploads\/2014\/01\/konkursbiblijny2018-300x199.jpg 300w, https:\/\/parafiarososzyca.pl\/wp-content\/uploads\/2014\/01\/konkursbiblijny2018-1024x680.jpg 1024w, https:\/\/parafiarososzyca.pl\/wp-content\/uploads\/2014\/01\/konkursbiblijny2018-768x510.jpg 768w, https:\/\/parafiarososzyca.pl\/wp-content\/uploads\/2014\/01\/konkursbiblijny2018-1536x1021.jpg 1536w, https:\/\/parafiarososzyca.pl\/wp-content\/uploads\/2014\/01\/konkursbiblijny2018-2048x1361.jpg 2048w, https:\/\/parafiarososzyca.pl\/wp-content\/uploads\/2014\/01\/konkursbiblijny2018-140x93.jpg 140w\" sizes=\"auto, (max-width: 500px) 100vw, 500px\" \/><\/a><\/p>\n<p style=\"text-align: justify;\"><strong>Wyniki ukszta\u0142towa\u0142y si\u0119 nast\u0119puj\u0105co:<\/strong><\/p>\n<p style=\"text-align: justify;\"><strong><br \/>\n\u2022 kategoria klas IV-VI<\/strong><\/p>\n<p style=\"text-align: justify;\">1. Wiktor Wasielewski<\/p>\n<p style=\"text-align: justify;\">2. Olga Borowczyk<\/p>\n<p style=\"text-align: justify;\">3. Szymon Matusiak<\/p>\n<p style=\"text-align: justify;\"><strong><br \/>\n\u2022 kategoria klas VII-VIII<\/strong><\/p>\n<p style=\"text-align: justify;\">1. Weronika Mielcarek<\/p>\n<p style=\"text-align: justify;\">2. Wiktoria Kopras<\/p>\n<p style=\"text-align: justify;\">3. Katarzyna Lemiesz<\/p>\n<p style=\"text-align: justify;\">\nPodsumowuj\u0105c spotkanie konkursowe ks. kanonik Pawe\u0142 Gu\u017adzio\u0142 pogratulowa\u0142 uczestnikom turnieju olbrzymiej wiedzy i nawi\u0105za\u0142 do rocznicy 200-lecia ko\u015bcio\u0142a \u015bw. Marka Ewangelisty, poniewa\u017c tegoroczni laureaci otrzymali w nagrod\u0119 album powsta\u0142y na t\u0119 uroczysto\u015b\u0107 \u201eZe \u015bwi\u0119tym Markiem w tle. Dzieje parafii \u015bw. Marka Ewangelisty w Rososzycy\u201d, kt\u00f3ry ukazuje histori\u0119 ko\u015bcio\u0142a, parafii i ludzi j\u0105 tworz\u0105cych.<\/p>\n","protected":false},"excerpt":{"rendered":"<p>Szko\u0142a Podstawowa w Rososzycy we wsp\u00f3\u0142pracy z parafi\u0105 \u015bw. Marka Ewangelisty w Rososzycy organizuje rokrocznie dla szk\u00f3\u0142 gminy Sieroszewice i dekanatu o\u0142obockiego konkurs biblijny. W tym roku zorganizowany zosta\u0142 27 listopada br.<\/p>\n","protected":false},"author":1,"featured_media":0,"comment_status":"closed","ping_status":"closed","sticky":false,"template":"","format":"standard","meta":{"ngg_post_thumbnail":0,"footnotes":"","_links_to":"","_links_to_target":""},"categories":[9],"tags":[],"class_list":{"0":"entry","1":"post","2":"publish","3":"author-admin","4":"has-more-link","5":"post-15016","7":"format-standard","8":"category-rok-2018"},"_links":{"self":[{"href":"https:\/\/parafiarososzyca.pl\/index.php\/wp-json\/wp\/v2\/posts\/15016","targetHints":{"allow":["GET"]}}],"collection":[{"href":"https:\/\/parafiarososzyca.pl\/index.php\/wp-json\/wp\/v2\/posts"}],"about":[{"href":"https:\/\/parafiarososzyca.pl\/index.php\/wp-json\/wp\/v2\/types\/post"}],"author":[{"embeddable":true,"href":"https:\/\/parafiarososzyca.pl\/index.php\/wp-json\/wp\/v2\/users\/1"}],"replies":[{"embeddable":true,"href":"https:\/\/parafiarososzyca.pl\/index.php\/wp-json\/wp\/v2\/comments?post=15016"}],"version-history":[{"count":0,"href":"https:\/\/parafiarososzyca.pl\/index.php\/wp-json\/wp\/v2\/posts\/15016\/revisions"}],"wp:attachment":[{"href":"https:\/\/parafiarososzyca.pl\/index.php\/wp-json\/wp\/v2\/media?parent=15016"}],"wp:term":[{"taxonomy":"category","embeddable":true,"href":"https:\/\/parafiarososzyca.pl\/index.php\/wp-json\/wp\/v2\/categories?post=15016"},{"taxonomy":"post_tag","embeddable":true,"href":"https:\/\/parafiarososzyca.pl\/index.php\/wp-json\/wp\/v2\/tags?post=15016"}],"curies":[{"name":"wp","href":"https:\/\/api.w.org\/{rel}","templated":true}]}}