{"id":14744,"date":"2018-11-11T08:34:35","date_gmt":"2018-11-11T08:34:35","guid":{"rendered":"http:\/\/parafiarososzyca.pl\/?p=14744"},"modified":"2021-02-16T08:48:39","modified_gmt":"2021-02-16T08:48:39","slug":"wszyscy-swieci-baluja-w-niebie","status":"publish","type":"post","link":"https:\/\/parafiarososzyca.pl\/index.php\/2018\/11\/11\/wszyscy-swieci-baluja-w-niebie\/","title":{"rendered":"Wszyscy \u015bwi\u0119ci baluj\u0105 w niebie"},"content":{"rendered":"<p style=\"text-align: justify;\">W przeddzie\u0144 \u015bwi\u0119ta Wszystkich \u015awi\u0119tych, kiedy wspominamy wszystkich tych, kt\u00f3rzy odeszli do Pana i przebywaj\u0105 w Jego \u015bwiat\u0142o\u015bci w parafii \u015bw. Marka Ewangelisty w Rososzycy dzieci i te ma\u0142e i te du\u017ce, przychodz\u0105 na Eucharysti\u0119 przebrani za ulubionego \u015bwi\u0119tego.<!--more--><\/p>\nngg_shortcode_0_placeholder\n<p style=\"text-align: justify;\">Przedstawiaj\u0105 pozosta\u0142ym obecnym w \u015bwi\u0105tyni swego \u015bwi\u0119tego, a proboszcz ks. kanonik Pawe\u0142 Gu\u017adzio\u0142 wszystkich przebranych obdarowuje s\u0142odkim upominkiem. To w czasie tej Eucharystii przy o\u0142tarzu s\u0142u\u017cy\u0142 sam \u015bwi\u0119ty Jan Pawe\u0142 II. W tym roku po Mszy \u015bw. Rada Duszpasterska zaprosi\u0142a wszystkich przebranych na bal wszystkich \u015bwi\u0119tych. Sam bal odby\u0142 si\u0119 w salce nad remiz\u0105 stra\u017cack\u0105. Wsp\u00f3lna zabawa zosta\u0142a ubogacona spotkaniem z astronomem, kt\u00f3ry przygotowa\u0142 kr\u00f3tki pokaz astronomiczny dla obecnych. Organizatorzy dzi\u0119kuj\u0105 wszystkim, kt\u00f3rzy zaanga\u017cowali si\u0119 w organizacj\u0119 balu za pomoc i \u017cyczliwo\u015b\u0107.<\/p>\nngg_shortcode_1_placeholder\n","protected":false},"excerpt":{"rendered":"<p>W przeddzie\u0144 \u015bwi\u0119ta Wszystkich \u015awi\u0119tych, kiedy wspominamy wszystkich tych, kt\u00f3rzy odeszli do Pana i przebywaj\u0105 w Jego \u015bwiat\u0142o\u015bci w parafii \u015bw. Marka Ewangelisty w Rososzycy dzieci i te ma\u0142e i te du\u017ce, przychodz\u0105 na Eucharysti\u0119 przebrani za ulubionego \u015bwi\u0119tego.<\/p>\n","protected":false},"author":1,"featured_media":0,"comment_status":"closed","ping_status":"closed","sticky":false,"template":"","format":"standard","meta":{"ngg_post_thumbnail":0,"footnotes":"","_links_to":"","_links_to_target":""},"categories":[9],"tags":[],"class_list":{"0":"entry","1":"post","2":"publish","3":"author-admin","4":"has-more-link","5":"post-14744","7":"format-standard","8":"category-rok-2018"},"_links":{"self":[{"href":"https:\/\/parafiarososzyca.pl\/index.php\/wp-json\/wp\/v2\/posts\/14744","targetHints":{"allow":["GET"]}}],"collection":[{"href":"https:\/\/parafiarososzyca.pl\/index.php\/wp-json\/wp\/v2\/posts"}],"about":[{"href":"https:\/\/parafiarososzyca.pl\/index.php\/wp-json\/wp\/v2\/types\/post"}],"author":[{"embeddable":true,"href":"https:\/\/parafiarososzyca.pl\/index.php\/wp-json\/wp\/v2\/users\/1"}],"replies":[{"embeddable":true,"href":"https:\/\/parafiarososzyca.pl\/index.php\/wp-json\/wp\/v2\/comments?post=14744"}],"version-history":[{"count":0,"href":"https:\/\/parafiarososzyca.pl\/index.php\/wp-json\/wp\/v2\/posts\/14744\/revisions"}],"wp:attachment":[{"href":"https:\/\/parafiarososzyca.pl\/index.php\/wp-json\/wp\/v2\/media?parent=14744"}],"wp:term":[{"taxonomy":"category","embeddable":true,"href":"https:\/\/parafiarososzyca.pl\/index.php\/wp-json\/wp\/v2\/categories?post=14744"},{"taxonomy":"post_tag","embeddable":true,"href":"https:\/\/parafiarososzyca.pl\/index.php\/wp-json\/wp\/v2\/tags?post=14744"}],"curies":[{"name":"wp","href":"https:\/\/api.w.org\/{rel}","templated":true}]}}