{"id":146,"date":"2014-04-10T09:51:59","date_gmt":"2014-04-10T09:51:59","guid":{"rendered":"http:\/\/parafiarososzyca.pl\/?p=146"},"modified":"2021-02-13T14:21:31","modified_gmt":"2021-02-13T14:21:31","slug":"uroczystosci-i-modlitwy-w-4-rocznice-katastrofy-smolenskiej","status":"publish","type":"post","link":"https:\/\/parafiarososzyca.pl\/index.php\/2014\/04\/10\/uroczystosci-i-modlitwy-w-4-rocznice-katastrofy-smolenskiej\/","title":{"rendered":"Uroczysto\u015bci i modlitwy w 4. rocznic\u0119 katastrofy smole\u0144skiej"},"content":{"rendered":"<p style=\"text-align: justify;\">W ca\u0142ym kraju z udzia\u0142em przedstawicieli w\u0142adz pa\u0144stwowych i samorz\u0105dowych odbywaj\u0105 si\u0119 w czwartek obchody upami\u0119tniaj\u0105ce 4. rocznic\u0119 katastrofy smole\u0144skiej. Modlitwy w intencji ofiar odprawione zostan\u0105 m.in. na Jasnej G\u00f3rze, w Licheniu, Warszawie, Gda\u0144sku i Radomiu.<!--more--><\/p>\n<p style=\"text-align: justify;\">Ju\u017c w przeddzie\u0144 rocznicy, 9 kwietnia o godz. 18.00 w katedrze polowej WP biskup polowy J\u00f3zef Guzdek przewodniczy\u0142 Mszy \u015bw. w intencji \u015bp. bp. Tadeusza P\u0142oskiego, bp. W\u0142adys\u0142awa Bandurskiego i ks. p\u0142k. Jana Osi\u0144skiego z okazji przeniesienia ich doczesnych szcz\u0105tk\u00f3w do powsta\u0142ej krypty w podziemiach katedry.<\/p>\n<p style=\"text-align: justify;\">10 kwietnia o godz. 7.00 sprawowana by\u0142a Msza \u015bw. w intencji bp. Tadeusza P\u0142oskiego i ks. p\u0142k. Jana Osi\u0144skiego zmar\u0142ych w katastrofie smole\u0144skiej. Za\u015b o godz. 18.00 bp Guzdek odprawi Msz\u0119 \u015bw. polecaj\u0105c Bo\u017cemu Mi\u0142osierdziu zmar\u0142ych w katastrofie smole\u0144skiej, szczeg\u00f3lnie Zwierzchnika Si\u0142 Zbrojnych, Prezydenta RP na Uchod\u017astwie, biskup\u00f3w polowych i kapelan\u00f3w, \u017co\u0142nierzy Wojska Polskiego, funkcjonariuszy BOR, za\u0142ogi samolotu oraz towarzysz\u0105cych im duchownych.<\/p>\n<p style=\"text-align: justify;\">G\u0142\u00f3wne uroczysto\u015bci zwi\u0105zane z upami\u0119tnieniem katastrofy smole\u0144skiej odb\u0119d\u0105 si\u0119 na Cmentarzu Wojskowym na Pow\u0105zkach. Pocz\u0105tek o godz. 8.25 przed pomnikiem ofiar katastrofy samolotu. W uroczysto\u015bci wezm\u0105 udzia\u0142 rodziny ofiar oraz przedstawiciele w\u0142adz pa\u0144stwowych i samorz\u0105dowych.<\/p>\n<p style=\"text-align: justify;\">Uroczysto\u015bci rozpoczn\u0105 si\u0119 odczytaniem nazwisk ofiar katastrofy. Ok. godz. 8.32 biskup polowy Wojska Polskiego J\u00f3zef Guzdek poprowadzi\u0142 modlitw\u0119, po czym nast\u0105pi z\u0142o\u017cenie wie\u0144c\u00f3w i zapalenie zniczy. Wieniec z\u0142o\u017cy m.in. Kancelaria Prezydenta RP. O godz. 8.41, w godzin\u0119 katastrofy, tr\u0119bacz odegra\u0142 utw\u00f3r &#8222;Cisza&#8221;. Po zako\u0144czeniu oficjalnej ceremonii przewidziana jest cz\u0119\u015b\u0107 prywatna cz\u0119\u015b\u0107 uroczysto\u015bci dla rodzin nad grobami bliskich.<\/p>\n<p style=\"text-align: justify;\">O godz. 10.30 w kaplicy Pa\u0142acu Prezydenckiego odprawiona zostanie Msza \u015bw. w intencji \u015bp. Lecha i Marii Kaczy\u0144skich oraz pracownik\u00f3w Kancelarii Prezydenta RP i innych ofiar katastrofy smole\u0144skiej. W Eucharystii pod przewodnictwem metropolity warszawskiego kard. Kazimierza Nycz we\u017amie udzia\u0142 Prezydent RP Bronis\u0142aw Komorowski z Ma\u0142\u017conk\u0105 oraz rodziny ofiar zwi\u0105zanych z Kancelari\u0105 Prezydenta, w tym tak\u017ce prezydenckiego kapelana \u015bp. ks. Romana Indrzejczyka.<\/p>\n","protected":false},"excerpt":{"rendered":"<p>W ca\u0142ym kraju z udzia\u0142em przedstawicieli w\u0142adz pa\u0144stwowych i samorz\u0105dowych odbywaj\u0105 si\u0119 w czwartek obchody upami\u0119tniaj\u0105ce 4. rocznic\u0119 katastrofy smole\u0144skiej. Modlitwy w intencji ofiar odprawione zostan\u0105 m.in. na Jasnej G\u00f3rze, w Licheniu, Warszawie, Gda\u0144sku i Radomiu.<\/p>\n","protected":false},"author":1,"featured_media":323,"comment_status":"closed","ping_status":"closed","sticky":false,"template":"","format":"standard","meta":{"ngg_post_thumbnail":0,"footnotes":"","_links_to":"","_links_to_target":""},"categories":[2],"tags":[],"class_list":{"0":"entry","1":"post","2":"publish","3":"author-admin","4":"has-more-link","5":"post-146","7":"format-standard","8":"has-post-thumbnail","9":"category-rok2014"},"_links":{"self":[{"href":"https:\/\/parafiarososzyca.pl\/index.php\/wp-json\/wp\/v2\/posts\/146","targetHints":{"allow":["GET"]}}],"collection":[{"href":"https:\/\/parafiarososzyca.pl\/index.php\/wp-json\/wp\/v2\/posts"}],"about":[{"href":"https:\/\/parafiarososzyca.pl\/index.php\/wp-json\/wp\/v2\/types\/post"}],"author":[{"embeddable":true,"href":"https:\/\/parafiarososzyca.pl\/index.php\/wp-json\/wp\/v2\/users\/1"}],"replies":[{"embeddable":true,"href":"https:\/\/parafiarososzyca.pl\/index.php\/wp-json\/wp\/v2\/comments?post=146"}],"version-history":[{"count":0,"href":"https:\/\/parafiarososzyca.pl\/index.php\/wp-json\/wp\/v2\/posts\/146\/revisions"}],"wp:featuredmedia":[{"embeddable":true,"href":"https:\/\/parafiarososzyca.pl\/index.php\/wp-json\/wp\/v2\/media\/323"}],"wp:attachment":[{"href":"https:\/\/parafiarososzyca.pl\/index.php\/wp-json\/wp\/v2\/media?parent=146"}],"wp:term":[{"taxonomy":"category","embeddable":true,"href":"https:\/\/parafiarososzyca.pl\/index.php\/wp-json\/wp\/v2\/categories?post=146"},{"taxonomy":"post_tag","embeddable":true,"href":"https:\/\/parafiarososzyca.pl\/index.php\/wp-json\/wp\/v2\/tags?post=146"}],"curies":[{"name":"wp","href":"https:\/\/api.w.org\/{rel}","templated":true}]}}