{"id":14158,"date":"2018-09-09T07:52:08","date_gmt":"2018-09-09T07:52:08","guid":{"rendered":"http:\/\/parafiarososzyca.pl\/?p=14158"},"modified":"2021-02-16T08:00:44","modified_gmt":"2021-02-16T08:00:44","slug":"piesza-pielgrzymka-z-rososzycy-do-kotlowa-2","status":"publish","type":"post","link":"https:\/\/parafiarososzyca.pl\/index.php\/2018\/09\/09\/piesza-pielgrzymka-z-rososzycy-do-kotlowa-2\/","title":{"rendered":"Piesza pielgrzymka z Rososzycy do Kot\u0142owa"},"content":{"rendered":"<p style=\"text-align: justify;\">Gdy si\u0119 wrzesie\u0144 zaczyna, proboszcz nam przypomina,<br \/>\n\u017ce nadchodzi czas.<\/p>\n<p style=\"text-align: justify;\">Aby wyruszy\u0107 w drog\u0119, w z\u0142\u0105 czy dobr\u0105 pogod\u0119 do Maryi bram.<\/p>\n<p>Gdy po\u0142udnie nadchodzi mn\u00f3stwo radosnych ludzi kroczy ju\u017c w\u015br\u00f3d p\u00f3l,<\/p>\n<p>A w Kot\u0142owie Mateczka na ka\u017cdego ju\u017c czeka, przejdzie wszystek b\u00f3l.<!--more--><\/p>\n<p style=\"text-align: justify;\">W tym roku po raz 19 wyruszy\u0142a piesza pielgrzymka z Rososzycy do Matki Bo\u017cej Kot\u0142owskiej Kr\u00f3lowej Jedno\u015bci. Pod duchow\u0105 opiek\u0105 ks. kanonika Paw\u0142a Gu\u017adzio\u0142a ze \u015bpiewem i modlitw\u0105 na ustach w niedzielne popo\u0142udnie z Rososzycy wyruszy\u0142o 110 p\u0105tnik\u00f3w. Najm\u0142odszymi pielgrzymami byli Oliwka i Igor, lat 5, a najstarsz\u0105 p\u0105tniczk\u0105 pani Bronis\u0142awa lat 76. \u015apiewaj\u0105c Matko idziemy do Ciebie, serca swe chcemy Ci da\u0107, poprzez pola, lasy, \u0142\u0105ki z Rososzycy idzie bra\u0107, pielgrzymi ofiarowali Matce z Kot\u0142owskiego wzg\u00f3rza swoje rodziny, parafi\u0119, Ojczyzn\u0119, prosili o pok\u00f3j na \u015bwiecie, przynie\u015bli swe indywidualne pro\u015bby i podzi\u0119kowania. Ju\u017c na miejscu wzi\u0119li udzia\u0142 w przygotowanym przez parafian kot\u0142owskich i kustosza sanktuarium ks. kanonika Adama Kosma\u0142\u0119 czuwaniu.<\/p>\nngg_shortcode_0_placeholder\n","protected":false},"excerpt":{"rendered":"<p>Gdy si\u0119 wrzesie\u0144 zaczyna, proboszcz nam przypomina, \u017ce nadchodzi czas. Aby wyruszy\u0107 w drog\u0119, w z\u0142\u0105 czy dobr\u0105 pogod\u0119 do Maryi bram. Gdy po\u0142udnie nadchodzi mn\u00f3stwo radosnych ludzi kroczy ju\u017c w\u015br\u00f3d p\u00f3l, A w Kot\u0142owie Mateczka na ka\u017cdego ju\u017c czeka, przejdzie wszystek b\u00f3l.<\/p>\n","protected":false},"author":1,"featured_media":0,"comment_status":"closed","ping_status":"closed","sticky":false,"template":"","format":"standard","meta":{"ngg_post_thumbnail":0,"footnotes":"","_links_to":"","_links_to_target":""},"categories":[9],"tags":[],"class_list":{"0":"entry","1":"post","2":"publish","3":"author-admin","4":"has-more-link","5":"post-14158","7":"format-standard","8":"category-rok-2018"},"_links":{"self":[{"href":"https:\/\/parafiarososzyca.pl\/index.php\/wp-json\/wp\/v2\/posts\/14158","targetHints":{"allow":["GET"]}}],"collection":[{"href":"https:\/\/parafiarososzyca.pl\/index.php\/wp-json\/wp\/v2\/posts"}],"about":[{"href":"https:\/\/parafiarososzyca.pl\/index.php\/wp-json\/wp\/v2\/types\/post"}],"author":[{"embeddable":true,"href":"https:\/\/parafiarososzyca.pl\/index.php\/wp-json\/wp\/v2\/users\/1"}],"replies":[{"embeddable":true,"href":"https:\/\/parafiarososzyca.pl\/index.php\/wp-json\/wp\/v2\/comments?post=14158"}],"version-history":[{"count":0,"href":"https:\/\/parafiarososzyca.pl\/index.php\/wp-json\/wp\/v2\/posts\/14158\/revisions"}],"wp:attachment":[{"href":"https:\/\/parafiarososzyca.pl\/index.php\/wp-json\/wp\/v2\/media?parent=14158"}],"wp:term":[{"taxonomy":"category","embeddable":true,"href":"https:\/\/parafiarososzyca.pl\/index.php\/wp-json\/wp\/v2\/categories?post=14158"},{"taxonomy":"post_tag","embeddable":true,"href":"https:\/\/parafiarososzyca.pl\/index.php\/wp-json\/wp\/v2\/tags?post=14158"}],"curies":[{"name":"wp","href":"https:\/\/api.w.org\/{rel}","templated":true}]}}