{"id":140,"date":"2014-04-01T09:47:38","date_gmt":"2014-04-01T09:47:38","guid":{"rendered":"http:\/\/parafiarososzyca.pl\/?p=140"},"modified":"2021-02-13T11:46:57","modified_gmt":"2021-02-13T11:46:57","slug":"akcja-swiateczna-podziel-sie-z-innymi","status":"publish","type":"post","link":"https:\/\/parafiarososzyca.pl\/index.php\/2014\/04\/01\/akcja-swiateczna-podziel-sie-z-innymi\/","title":{"rendered":"Akcja \u015awi\u0105teczna &#8211; podziel si\u0119 z innymi"},"content":{"rendered":"<p style=\"text-align: justify;\">Od 30 marca do 8 kwietnia 2014r. w sklepach i w ko\u015bciele, mo\u017cna sk\u0142ada\u0107 produkty \u017cywno\u015bciowe. Zebrane produkty zostan\u0105 przekazane najbardziej potrzebuj\u0105cym osob\u0105 z naszej Parafii.<\/p>\n<p style=\"text-align: justify;\">Ksi\u0105dz Proboszcz, Grupa Charytatywna<\/p>\n","protected":false},"excerpt":{"rendered":"<p>Od 30 marca do 8 kwietnia 2014r. w sklepach i w ko\u015bciele, mo\u017cna sk\u0142ada\u0107 produkty \u017cywno\u015bciowe. Zebrane produkty zostan\u0105 przekazane najbardziej potrzebuj\u0105cym osob\u0105 z naszej Parafii. Ksi\u0105dz Proboszcz, Grupa Charytatywna<\/p>\n","protected":false},"author":1,"featured_media":180,"comment_status":"closed","ping_status":"closed","sticky":false,"template":"","format":"standard","meta":{"ngg_post_thumbnail":0,"footnotes":"","_links_to":"","_links_to_target":""},"categories":[2],"tags":[],"class_list":{"0":"entry","1":"post","2":"publish","3":"author-admin","4":"post-140","6":"format-standard","7":"has-post-thumbnail","8":"category-rok2014"},"_links":{"self":[{"href":"https:\/\/parafiarososzyca.pl\/index.php\/wp-json\/wp\/v2\/posts\/140","targetHints":{"allow":["GET"]}}],"collection":[{"href":"https:\/\/parafiarososzyca.pl\/index.php\/wp-json\/wp\/v2\/posts"}],"about":[{"href":"https:\/\/parafiarososzyca.pl\/index.php\/wp-json\/wp\/v2\/types\/post"}],"author":[{"embeddable":true,"href":"https:\/\/parafiarososzyca.pl\/index.php\/wp-json\/wp\/v2\/users\/1"}],"replies":[{"embeddable":true,"href":"https:\/\/parafiarososzyca.pl\/index.php\/wp-json\/wp\/v2\/comments?post=140"}],"version-history":[{"count":0,"href":"https:\/\/parafiarososzyca.pl\/index.php\/wp-json\/wp\/v2\/posts\/140\/revisions"}],"wp:featuredmedia":[{"embeddable":true,"href":"https:\/\/parafiarososzyca.pl\/index.php\/wp-json\/wp\/v2\/media\/180"}],"wp:attachment":[{"href":"https:\/\/parafiarososzyca.pl\/index.php\/wp-json\/wp\/v2\/media?parent=140"}],"wp:term":[{"taxonomy":"category","embeddable":true,"href":"https:\/\/parafiarososzyca.pl\/index.php\/wp-json\/wp\/v2\/categories?post=140"},{"taxonomy":"post_tag","embeddable":true,"href":"https:\/\/parafiarososzyca.pl\/index.php\/wp-json\/wp\/v2\/tags?post=140"}],"curies":[{"name":"wp","href":"https:\/\/api.w.org\/{rel}","templated":true}]}}