{"id":138,"date":"2014-03-05T09:45:40","date_gmt":"2014-03-05T09:45:40","guid":{"rendered":"http:\/\/parafiarososzyca.pl\/?p=138"},"modified":"2021-02-13T11:47:21","modified_gmt":"2021-02-13T11:47:21","slug":"popielec","status":"publish","type":"post","link":"https:\/\/parafiarososzyca.pl\/index.php\/2014\/03\/05\/popielec\/","title":{"rendered":"Popielec"},"content":{"rendered":"<p style=\"text-align: justify;\">\u015aroda Popielcowa, inaczej zwana Popielcem, to w ko\u015bciele katolickim pierwszy dzie\u0144 Wielkiego Postu, jest to dzie\u0144 ko\u0144cz\u0105cy karnawa\u0142 na 46 dni przed niedziel\u0105 Wielkanocn\u0105. Jest to dzie\u0144 pokutny, w kt\u00f3rym obowi\u0105zuje \u015bcis\u0142y post. W obrz\u0105dku rzymskim w czasie mszy odprawianej w ten dzie\u0144 kap\u0142an posypuje wiernym g\u0142ow\u0119 popio\u0142em lub popio\u0142em czyni znak krzy\u017ca m\u00f3wi\u0105c &#8222;Nawracajcie si\u0119 i wierzcie w Ewangeli\u0119&#8221; lub &#8222;Z prochu powsta\u0142e\u015b i w proch si\u0119 obr\u00f3cisz&#8221;.<\/p>\n<p style=\"text-align: justify;\">Popi\u00f3\u0142 do posypywania g\u0142\u00f3w tradycyjnie otrzymuje si\u0119 przez spalenie palm po\u015bwi\u0119conych w ubieg\u0142oroczn\u0105 Niedziele Palmow\u0105. Zwyczaj posypywania g\u0142\u00f3w pochodzi z VIII w. w XI wieku sta\u0142 si\u0119 on zwyczajem obowi\u0105zuj\u0105cym w ko\u015bciele katolickim dzi\u0119ki decyzji \u00f3wczesnego Papie\u017ca Urbana II.20<\/p>\n","protected":false},"excerpt":{"rendered":"<p>\u015aroda Popielcowa, inaczej zwana Popielcem, to w ko\u015bciele katolickim pierwszy dzie\u0144 Wielkiego Postu, jest to dzie\u0144 ko\u0144cz\u0105cy karnawa\u0142 na 46 dni przed niedziel\u0105 Wielkanocn\u0105. Jest to dzie\u0144 pokutny, w kt\u00f3rym obowi\u0105zuje \u015bcis\u0142y post. W obrz\u0105dku rzymskim w czasie mszy odprawianej w ten dzie\u0144 kap\u0142an posypuje wiernym g\u0142ow\u0119 popio\u0142em lub popio\u0142em czyni znak krzy\u017ca m\u00f3wi\u0105c &#8222;Nawracajcie &#8230; <span class=\"more\"><a class=\"more-link\" href=\"https:\/\/parafiarososzyca.pl\/index.php\/2014\/03\/05\/popielec\/\">Czytaj dalej<\/a><\/span><\/p>\n","protected":false},"author":1,"featured_media":169,"comment_status":"closed","ping_status":"closed","sticky":false,"template":"","format":"standard","meta":{"ngg_post_thumbnail":0,"footnotes":"","_links_to":"","_links_to_target":""},"categories":[2],"tags":[],"class_list":{"0":"entry","1":"post","2":"publish","3":"author-admin","4":"post-138","6":"format-standard","7":"has-post-thumbnail","8":"category-rok2014"},"_links":{"self":[{"href":"https:\/\/parafiarososzyca.pl\/index.php\/wp-json\/wp\/v2\/posts\/138","targetHints":{"allow":["GET"]}}],"collection":[{"href":"https:\/\/parafiarososzyca.pl\/index.php\/wp-json\/wp\/v2\/posts"}],"about":[{"href":"https:\/\/parafiarososzyca.pl\/index.php\/wp-json\/wp\/v2\/types\/post"}],"author":[{"embeddable":true,"href":"https:\/\/parafiarososzyca.pl\/index.php\/wp-json\/wp\/v2\/users\/1"}],"replies":[{"embeddable":true,"href":"https:\/\/parafiarososzyca.pl\/index.php\/wp-json\/wp\/v2\/comments?post=138"}],"version-history":[{"count":0,"href":"https:\/\/parafiarososzyca.pl\/index.php\/wp-json\/wp\/v2\/posts\/138\/revisions"}],"wp:featuredmedia":[{"embeddable":true,"href":"https:\/\/parafiarososzyca.pl\/index.php\/wp-json\/wp\/v2\/media\/169"}],"wp:attachment":[{"href":"https:\/\/parafiarososzyca.pl\/index.php\/wp-json\/wp\/v2\/media?parent=138"}],"wp:term":[{"taxonomy":"category","embeddable":true,"href":"https:\/\/parafiarososzyca.pl\/index.php\/wp-json\/wp\/v2\/categories?post=138"},{"taxonomy":"post_tag","embeddable":true,"href":"https:\/\/parafiarososzyca.pl\/index.php\/wp-json\/wp\/v2\/tags?post=138"}],"curies":[{"name":"wp","href":"https:\/\/api.w.org\/{rel}","templated":true}]}}