{"id":12594,"date":"2018-06-14T20:32:11","date_gmt":"2018-06-14T20:32:11","guid":{"rendered":"http:\/\/parafiarososzyca.pl\/?p=12594"},"modified":"2021-02-15T20:35:54","modified_gmt":"2021-02-15T20:35:54","slug":"pielgrzymka-do-lichenia-2","status":"publish","type":"post","link":"https:\/\/parafiarososzyca.pl\/index.php\/2018\/06\/14\/pielgrzymka-do-lichenia-2\/","title":{"rendered":"Pielgrzymka do Lichenia"},"content":{"rendered":"<p style=\"text-align: justify;\">14 czerwca dzieci pierwszokomunijne wraz z rodzinami udali si\u0119 do sanktuarium Matki Bo\u017cej w Licheniu aby podzi\u0119kowa\u0107 za dar Jezusa pod postaci\u0105 chleba. <!--more--><\/p>\nngg_shortcode_0_placeholder\n<p style=\"text-align: justify;\">Najpierw wsp\u00f3lnie w\u0119drowali \u015bcie\u017ckami gr\u0105bli\u0144skiego lasu poznaj\u0105c histori\u0119 objawie\u0144 i miejsca szczeg\u00f3lnie z nimi zwi\u0105zane. Nast\u0119pnie ju\u017c w bazylice liche\u0144skiej uczestniczy\u0142y we Mszy \u015bw. dzi\u0119kczynnej. Podczas wyjazdu by\u0142 czas na samodzielne zwiedzanie sanktuarium, a w drodze powrotnej wszyscy pielgrzymi pok\u0142onili si\u0119 przed obrazem J\u00f3zefa kaliskiego.<\/p>\n","protected":false},"excerpt":{"rendered":"<p>14 czerwca dzieci pierwszokomunijne wraz z rodzinami udali si\u0119 do sanktuarium Matki Bo\u017cej w Licheniu aby podzi\u0119kowa\u0107 za dar Jezusa pod postaci\u0105 chleba.<\/p>\n","protected":false},"author":1,"featured_media":0,"comment_status":"closed","ping_status":"closed","sticky":false,"template":"","format":"standard","meta":{"ngg_post_thumbnail":0,"footnotes":"","_links_to":"","_links_to_target":""},"categories":[9],"tags":[],"class_list":{"0":"entry","1":"post","2":"publish","3":"author-admin","4":"has-more-link","5":"post-12594","7":"format-standard","8":"category-rok-2018"},"_links":{"self":[{"href":"https:\/\/parafiarososzyca.pl\/index.php\/wp-json\/wp\/v2\/posts\/12594","targetHints":{"allow":["GET"]}}],"collection":[{"href":"https:\/\/parafiarososzyca.pl\/index.php\/wp-json\/wp\/v2\/posts"}],"about":[{"href":"https:\/\/parafiarososzyca.pl\/index.php\/wp-json\/wp\/v2\/types\/post"}],"author":[{"embeddable":true,"href":"https:\/\/parafiarososzyca.pl\/index.php\/wp-json\/wp\/v2\/users\/1"}],"replies":[{"embeddable":true,"href":"https:\/\/parafiarososzyca.pl\/index.php\/wp-json\/wp\/v2\/comments?post=12594"}],"version-history":[{"count":0,"href":"https:\/\/parafiarososzyca.pl\/index.php\/wp-json\/wp\/v2\/posts\/12594\/revisions"}],"wp:attachment":[{"href":"https:\/\/parafiarososzyca.pl\/index.php\/wp-json\/wp\/v2\/media?parent=12594"}],"wp:term":[{"taxonomy":"category","embeddable":true,"href":"https:\/\/parafiarososzyca.pl\/index.php\/wp-json\/wp\/v2\/categories?post=12594"},{"taxonomy":"post_tag","embeddable":true,"href":"https:\/\/parafiarososzyca.pl\/index.php\/wp-json\/wp\/v2\/tags?post=12594"}],"curies":[{"name":"wp","href":"https:\/\/api.w.org\/{rel}","templated":true}]}}