{"id":12503,"date":"2018-06-03T20:27:49","date_gmt":"2018-06-03T20:27:49","guid":{"rendered":"http:\/\/parafiarososzyca.pl\/?p=12503"},"modified":"2021-02-15T20:31:51","modified_gmt":"2021-02-15T20:31:51","slug":"rocznica-komunii-sw","status":"publish","type":"post","link":"https:\/\/parafiarososzyca.pl\/index.php\/2018\/06\/03\/rocznica-komunii-sw\/","title":{"rendered":"Rocznica Komunii \u015bw."},"content":{"rendered":"<p style=\"text-align: justify;\">W niedziel\u0119, 3 czerwca w naszej parafii obchodzili\u015bmy rocznic\u0119 Komunii \u015bw. Uczniowie klasy IV dzi\u0119kowali za rok spotka\u0144 z Jezusem Eucharystycznym. W trakcie tej Mszy \u015bw. w spos\u00f3b szczeg\u00f3lny podzi\u0119kowali te\u017c swoim mamom za dar \u017cycia, mi\u0142o\u015b\u0107 i opiek\u0119. Wraz z \u017cyczeniami ofiarowali swoim mamusiom r\u00f3\u017ce.<!--more--><\/p>\nngg_shortcode_0_placeholder\n","protected":false},"excerpt":{"rendered":"<p>W niedziel\u0119, 3 czerwca w naszej parafii obchodzili\u015bmy rocznic\u0119 Komunii \u015bw. Uczniowie klasy IV dzi\u0119kowali za rok spotka\u0144 z Jezusem Eucharystycznym. W trakcie tej Mszy \u015bw. w spos\u00f3b szczeg\u00f3lny podzi\u0119kowali te\u017c swoim mamom za dar \u017cycia, mi\u0142o\u015b\u0107 i opiek\u0119. Wraz z \u017cyczeniami ofiarowali swoim mamusiom r\u00f3\u017ce.<\/p>\n","protected":false},"author":1,"featured_media":0,"comment_status":"closed","ping_status":"closed","sticky":false,"template":"","format":"standard","meta":{"ngg_post_thumbnail":0,"footnotes":"","_links_to":"","_links_to_target":""},"categories":[9],"tags":[],"class_list":{"0":"entry","1":"post","2":"publish","3":"author-admin","4":"has-more-link","5":"post-12503","7":"format-standard","8":"category-rok-2018"},"_links":{"self":[{"href":"https:\/\/parafiarososzyca.pl\/index.php\/wp-json\/wp\/v2\/posts\/12503","targetHints":{"allow":["GET"]}}],"collection":[{"href":"https:\/\/parafiarososzyca.pl\/index.php\/wp-json\/wp\/v2\/posts"}],"about":[{"href":"https:\/\/parafiarososzyca.pl\/index.php\/wp-json\/wp\/v2\/types\/post"}],"author":[{"embeddable":true,"href":"https:\/\/parafiarososzyca.pl\/index.php\/wp-json\/wp\/v2\/users\/1"}],"replies":[{"embeddable":true,"href":"https:\/\/parafiarososzyca.pl\/index.php\/wp-json\/wp\/v2\/comments?post=12503"}],"version-history":[{"count":0,"href":"https:\/\/parafiarososzyca.pl\/index.php\/wp-json\/wp\/v2\/posts\/12503\/revisions"}],"wp:attachment":[{"href":"https:\/\/parafiarososzyca.pl\/index.php\/wp-json\/wp\/v2\/media?parent=12503"}],"wp:term":[{"taxonomy":"category","embeddable":true,"href":"https:\/\/parafiarososzyca.pl\/index.php\/wp-json\/wp\/v2\/categories?post=12503"},{"taxonomy":"post_tag","embeddable":true,"href":"https:\/\/parafiarososzyca.pl\/index.php\/wp-json\/wp\/v2\/tags?post=12503"}],"curies":[{"name":"wp","href":"https:\/\/api.w.org\/{rel}","templated":true}]}}