{"id":1190,"date":"2015-02-16T10:13:09","date_gmt":"2015-02-16T10:13:09","guid":{"rendered":"http:\/\/parafiarososzyca.pl\/?p=1190"},"modified":"2021-02-14T10:54:56","modified_gmt":"2021-02-14T10:54:56","slug":"nowenna-pompejanska","status":"publish","type":"post","link":"https:\/\/parafiarososzyca.pl\/index.php\/2015\/02\/16\/nowenna-pompejanska\/","title":{"rendered":"Nowenna Pompeja\u0144ska"},"content":{"rendered":"<p style=\"text-align: justify;\"><strong>Historia Nowenny Pompeja\u0144skiej<\/strong><\/p>\n<p style=\"text-align: justify;\">Kieruj\u0105c my\u015bli ku obecnym we wszystkich zak\u0105tkach \u015bwiata miejscom szczeg\u00f3lnej czci oddawanej Matce Bo\u017ce), Ojciec \u015awi\u0119ty Jan Pawe\u0142 II napisa\u0142: &#8222;Mo\u017cna by m\u00f3wi\u0107 o swoistej geografii wiary i pobo\u017cno\u015bci maryjnej, kt\u00f3ra obejmuje wszystkie miejsca szczeg\u00f3lnego pielgrzymowania Ludu Bo\u017cego, kt\u00f3ry szuka spotkania z Bogarodzic\u0105, aby w zasi\u0119g u matczynej obecno\u015bci Tej, kt\u00f3ra uwierzy\u0142a znale\u017a\u0107 umocnienie swojej w\u0142asnej wiary&#8221;. \/Redemptoris Mater 28\/<!--more--><\/p>\n<p style=\"text-align: justify;\">Pompeje po\u0142o\u017cone u podn\u00f3\u017ca Wezuwiusza. Miasto najs\u0142awniejszego na \u015bwiecie Sanktuarium R\u00f3\u017ca\u0144ca \u015awi\u0119tego. Zawdzi\u0119cza te s\u0142aw\u0119, b\u0142. Bartolo Longo, kt\u00f3ry z Bo\u017c\u0105 pomoc\u0105 wybudowa\u0142 \u015bwi\u0105tyni\u0119 i Now\u0105 Pompej\u0119. To miasto zmartwychwstania i \u017cycia.<\/p>\n<p style=\"text-align: justify;\">Bartolo Longo sprowadzi\u0142 do Pompei obraz z wizerunkiem Maryi R\u00f3\u017ca\u0144cowej, kt\u00f3ry nazwa\u0142: &#8222;Narz\u0119dziem do realizacji jednego z najwi\u0119kszych zamierze\u0144 Bo\u017cego mi\u0142osierdzia&#8221;.<\/p>\n<p style=\"text-align: justify;\">Nad tabernakulum, znajduje si\u0119 najcenniejszy klejnot \u015bwi\u0119ty obraz Matki Boskiej R\u00f3\u017ca\u0144cowej, niegdy\u015b zaniedbany, dzi\u015b triumfuj\u0105cy. Obraz s\u0142ynie cudami i \u0142askami od 1876 roku.<\/p>\n<p>&#8222;Nie ma duszy chrze\u015bcija\u0144skiej, kt\u00f3ra nie znalaz\u0142aby w nim schronienia w trudnych momentach, k\u0142opotach i niepokojach; ukojenia dla rozdanej rany czy b\u00f3lu, kt\u00f3ry wstrz\u0105sa; w chwili nadziel w udr\u0119ce&#8221;. \/G. Leone\/<\/p>\n<p style=\"text-align: justify;\">Ojciec \u015awi\u0119ty Jan Pawe\u0142 II w 1980 roku wyni\u00f3s\u0142 Bartolo Longo &#8211; Aposto\u0142a R\u00f3\u017ca\u0144ca \u015awi\u0119tego &#8211; na o\u0142tarze i wprowadzi\u0142 w poczet b\u0142ogos\u0142awionych.<\/p>\n<p>W 25. roku pontyfikatu Ojciec \u015awi\u0119ty Jan Pawe\u0142 II powierzy\u0142 list apostolski czu\u0142ym d\u0142oniom Maryi Panny, korz\u0105c si\u0119 w duchu przed Jej obrazem we wspania\u0142ym sanktuarium wzniesionym dla Niej przez b\u0142ogos\u0142awionego Bartolo Longo.<\/p>\n<p style=\"text-align: justify;\"><strong>Obietnice &#8211; Nowenna Pompeja\u0144ska<br \/>\n<\/strong><br \/>\nNaj\u015bwi\u0119tsza Panna Pompeja\u0144ska kilka razy poucza\u0142a swoich czcicieli, co maj\u0105 uczyni\u0107, aby odebra\u0107 \u0142aski, na kt\u00f3rych im zale\u017ca\u0142o.<\/p>\n<p>Znany jest fakt ukazania si\u0119 Matki Bo\u017cej nieuleczalnie chorej Fortunatynie Agrelli z Neapolu (lat 21), do kt\u00f3rej powiedzia\u0142a: &#8222;Za ka\u017cdym razem gdy chcesz uzyska\u0107&#8221; ode mnie jaka\u015b \u0142ask\u0119, odpraw na maj\u0105 cze\u015b\u0107 trzy nowenny b\u0142agalne, odmawiaj\u0105c 15 tajemnic mojego r\u00f3\u017ca\u0144ca, a potem odpraw trzy nowenny dzi\u0119kczynne&#8221;.<\/p>\n<p style=\"text-align: justify;\">Po odprawieniu nowenny, Fortunatyna Agrelli zosta\u0142a cudownie uzdrowiona. By\u0142 to pocz\u0105tek nabo\u017ce\u0144stwa, kt\u00f3re polega\u0142o na odmawianiu przez 54 dni ca\u0142ego r\u00f3\u017ca\u0144ca, zwanego &#8222;Nowenn\u0105 nie do odparcia&#8221;. Modl\u0105c si\u0119 nowenn\u0105 upraszamy \u0142aski potrzebne dla rozwi\u0105zania spraw trudnych i beznadziejnych.<\/p>\n","protected":false},"excerpt":{"rendered":"<p>Historia Nowenny Pompeja\u0144skiej Kieruj\u0105c my\u015bli ku obecnym we wszystkich zak\u0105tkach \u015bwiata miejscom szczeg\u00f3lnej czci oddawanej Matce Bo\u017ce), Ojciec \u015awi\u0119ty Jan Pawe\u0142 II napisa\u0142: &#8222;Mo\u017cna by m\u00f3wi\u0107 o swoistej geografii wiary i pobo\u017cno\u015bci maryjnej, kt\u00f3ra obejmuje wszystkie miejsca szczeg\u00f3lnego pielgrzymowania Ludu Bo\u017cego, kt\u00f3ry szuka spotkania z Bogarodzic\u0105, aby w zasi\u0119g u matczynej obecno\u015bci Tej, kt\u00f3ra uwierzy\u0142a &#8230; <span class=\"more\"><a class=\"more-link\" href=\"https:\/\/parafiarososzyca.pl\/index.php\/2015\/02\/16\/nowenna-pompejanska\/\">Czytaj dalej<\/a><\/span><\/p>\n","protected":false},"author":1,"featured_media":0,"comment_status":"closed","ping_status":"closed","sticky":false,"template":"","format":"standard","meta":{"ngg_post_thumbnail":0,"footnotes":"","_links_to":"","_links_to_target":""},"categories":[6],"tags":[],"class_list":{"0":"entry","1":"post","2":"publish","3":"author-admin","4":"has-more-link","5":"post-1190","7":"format-standard","8":"category-rok-2015"},"_links":{"self":[{"href":"https:\/\/parafiarososzyca.pl\/index.php\/wp-json\/wp\/v2\/posts\/1190","targetHints":{"allow":["GET"]}}],"collection":[{"href":"https:\/\/parafiarososzyca.pl\/index.php\/wp-json\/wp\/v2\/posts"}],"about":[{"href":"https:\/\/parafiarososzyca.pl\/index.php\/wp-json\/wp\/v2\/types\/post"}],"author":[{"embeddable":true,"href":"https:\/\/parafiarososzyca.pl\/index.php\/wp-json\/wp\/v2\/users\/1"}],"replies":[{"embeddable":true,"href":"https:\/\/parafiarososzyca.pl\/index.php\/wp-json\/wp\/v2\/comments?post=1190"}],"version-history":[{"count":0,"href":"https:\/\/parafiarososzyca.pl\/index.php\/wp-json\/wp\/v2\/posts\/1190\/revisions"}],"wp:attachment":[{"href":"https:\/\/parafiarososzyca.pl\/index.php\/wp-json\/wp\/v2\/media?parent=1190"}],"wp:term":[{"taxonomy":"category","embeddable":true,"href":"https:\/\/parafiarososzyca.pl\/index.php\/wp-json\/wp\/v2\/categories?post=1190"},{"taxonomy":"post_tag","embeddable":true,"href":"https:\/\/parafiarososzyca.pl\/index.php\/wp-json\/wp\/v2\/tags?post=1190"}],"curies":[{"name":"wp","href":"https:\/\/api.w.org\/{rel}","templated":true}]}}