{"id":11727,"date":"2018-05-31T20:01:57","date_gmt":"2018-05-31T20:01:57","guid":{"rendered":"http:\/\/parafiarososzyca.pl\/?p=11727"},"modified":"2021-02-15T20:13:52","modified_gmt":"2021-02-15T20:13:52","slug":"boze-cialo-2018","status":"publish","type":"post","link":"https:\/\/parafiarososzyca.pl\/index.php\/2018\/05\/31\/boze-cialo-2018\/","title":{"rendered":"Bo\u017ce Cia\u0142o 2018"},"content":{"rendered":"<p style=\"text-align: justify;\">Bo\u017ce Cia\u0142o (inaczej &#8211; \u015awi\u0119to Cia\u0142a i Krwi Pa\u0144skiej) w Ko\u015bciele katolickim: uroczysto\u015b\u0107 liturgiczna ku czci Naj\u015bwi\u0119tszego Sakramentu. Wierni szczeg\u00f3lnie wspominaj\u0105 Ostatni\u0105 Wieczerz\u0119 i Przeistoczenie chleba i wina w Cia\u0142o i Krew Jezusa Chrystusa.<\/p>\n<p><a href=\"http:\/\/parafiarososzyca.pl\/wp-content\/uploads\/2014\/01\/bozecialoprocesja2018.jpg\"><img loading=\"lazy\" decoding=\"async\" class=\"aligncenter wp-image-207\" src=\"http:\/\/parafiarososzyca.pl\/wp-content\/uploads\/2014\/01\/bozecialoprocesja2018-300x116.jpg\" alt=\"\" width=\"500\" height=\"193\" srcset=\"https:\/\/parafiarososzyca.pl\/wp-content\/uploads\/2014\/01\/bozecialoprocesja2018-300x116.jpg 300w, https:\/\/parafiarososzyca.pl\/wp-content\/uploads\/2014\/01\/bozecialoprocesja2018-1024x396.jpg 1024w, https:\/\/parafiarososzyca.pl\/wp-content\/uploads\/2014\/01\/bozecialoprocesja2018-768x297.jpg 768w, https:\/\/parafiarososzyca.pl\/wp-content\/uploads\/2014\/01\/bozecialoprocesja2018-1536x593.jpg 1536w, https:\/\/parafiarososzyca.pl\/wp-content\/uploads\/2014\/01\/bozecialoprocesja2018-140x54.jpg 140w, https:\/\/parafiarososzyca.pl\/wp-content\/uploads\/2014\/01\/bozecialoprocesja2018.jpg 1600w\" sizes=\"auto, (max-width: 500px) 100vw, 500px\" \/><\/a><!--more--><\/p>\n<p style=\"text-align: justify;\">W Polsce Bo\u017ce Cia\u0142o obchodzi si\u0119 w czwartek po oktawie Zes\u0142ania Ducha \u015awi\u0119tego, a wi\u0119c jest to \u015bwi\u0119to ruchome wypadaj\u0105ce zawsze 60 dni po Wielkanocy. W niekt\u00f3rych krajach mo\u017ce by\u0107 obchodzone w inny dzie\u0144.&nbsp;<\/p>\n<p style=\"text-align: justify;\">\u015awi\u0119to to zosta\u0142o ustanowione na skutek widze\u0144 b\u0142. Julianny z Cornillon. Pod ich wp\u0142ywem bp Robert ustanowi\u0142 w 1246 r. takie \u015bwi\u0119to dla diecezji Liege. W 1252 r. zosta\u0142o ono rozszerzone na Germani\u0119. W 1263 mia\u0142 miejsce cud eucharystyczny w Orvieto, gdy hostia w r\u0119kach w\u0105tpi\u0105cego w transsubstancjacj\u0119 ksi\u0119dza zacz\u0119\u0142a krwawi\u0107. W 1264 r. papie\u017c Urban IV bull\u0105 Transiturus ustanowi\u0142 to \u015bwi\u0119to dla ca\u0142ego Ko\u015bcio\u0142a. Uzasadniaj\u0105c przyczyny wprowadzenia tego \u015bwi\u0119ta wskaza\u0142: zado\u015b\u0107uczynienie za zniewa\u017canie Chrystusa w Naj\u015bwi\u0119tszym Sakramencie, b\u0142\u0119dy heretyk\u00f3w oraz uczczenie pami\u0105tki ustanowienia Naj\u015bwi\u0119tszego Sakramentu, kt\u00f3ra w Wielki Czwartek nie mo\u017ce by\u0107 uroczy\u015bcie obchodzona ze wzgl\u0119du na powag\u0119 Wielkiego Tygodnia. Jednak\u017ce ze wzgl\u0119du na \u015bmier\u0107 Urbana IV bulla ta nie zosta\u0142a og\u0142oszona, a tym samym \u015bwi\u0119to nie zosta\u0142o ustanowione. Uczyni\u0142 to dopiero papie\u017c Jan XXII, kt\u00f3ry umie\u015bci\u0142 powy\u017csz\u0105 bull\u0119 w Klementynach.&nbsp;<\/p>\nngg_shortcode_0_placeholder\n<p style=\"text-align: justify;\">W Polsce po raz pierwszy wprowadzi\u0142 to \u015bwi\u0119to bp Nanker w 1320 r. w diecezji krakowskiej. W p\u00f3\u017anym \u015bredniowieczu i renesansie najwi\u0119kszym sanktuarium kultu Bo\u017cego Cia\u0142a w Polsce by\u0142 pozna\u0144ski ko\u015bci\u00f3\u0142 Bo\u017cego Cia\u0142a.&nbsp;<br \/>\nW Polsce obchody \u015bwi\u0119t\u0105 wi\u0105\u017c\u0105 si\u0119 z procesj\u0105 z Naj\u015bwi\u0119tszym Sakramentem po ulicach parafii. Procesja zatrzymuje si\u0119 kolejno przy czterech o\u0142tarzach, przy kt\u00f3rych czytane s\u0105 fragmenty z ka\u017cdej z Ewangelii zwi\u0105zane tematycznie z Eucharysti\u0105.&nbsp;<br \/>\nW Polsce Bo\u017ce Cia\u0142o jest dniem ustawowo wolnym od pracy.&nbsp;<\/p>\n","protected":false},"excerpt":{"rendered":"<p>Bo\u017ce Cia\u0142o (inaczej &#8211; \u015awi\u0119to Cia\u0142a i Krwi Pa\u0144skiej) w Ko\u015bciele katolickim: uroczysto\u015b\u0107 liturgiczna ku czci Naj\u015bwi\u0119tszego Sakramentu. Wierni szczeg\u00f3lnie wspominaj\u0105 Ostatni\u0105 Wieczerz\u0119 i Przeistoczenie chleba i wina w Cia\u0142o i Krew Jezusa Chrystusa.<\/p>\n","protected":false},"author":1,"featured_media":0,"comment_status":"closed","ping_status":"closed","sticky":false,"template":"","format":"standard","meta":{"ngg_post_thumbnail":0,"footnotes":"","_links_to":"","_links_to_target":""},"categories":[9],"tags":[],"class_list":{"0":"entry","1":"post","2":"publish","3":"author-admin","4":"has-more-link","5":"post-11727","7":"format-standard","8":"category-rok-2018"},"_links":{"self":[{"href":"https:\/\/parafiarososzyca.pl\/index.php\/wp-json\/wp\/v2\/posts\/11727","targetHints":{"allow":["GET"]}}],"collection":[{"href":"https:\/\/parafiarososzyca.pl\/index.php\/wp-json\/wp\/v2\/posts"}],"about":[{"href":"https:\/\/parafiarososzyca.pl\/index.php\/wp-json\/wp\/v2\/types\/post"}],"author":[{"embeddable":true,"href":"https:\/\/parafiarososzyca.pl\/index.php\/wp-json\/wp\/v2\/users\/1"}],"replies":[{"embeddable":true,"href":"https:\/\/parafiarososzyca.pl\/index.php\/wp-json\/wp\/v2\/comments?post=11727"}],"version-history":[{"count":0,"href":"https:\/\/parafiarososzyca.pl\/index.php\/wp-json\/wp\/v2\/posts\/11727\/revisions"}],"wp:attachment":[{"href":"https:\/\/parafiarososzyca.pl\/index.php\/wp-json\/wp\/v2\/media?parent=11727"}],"wp:term":[{"taxonomy":"category","embeddable":true,"href":"https:\/\/parafiarososzyca.pl\/index.php\/wp-json\/wp\/v2\/categories?post=11727"},{"taxonomy":"post_tag","embeddable":true,"href":"https:\/\/parafiarososzyca.pl\/index.php\/wp-json\/wp\/v2\/tags?post=11727"}],"curies":[{"name":"wp","href":"https:\/\/api.w.org\/{rel}","templated":true}]}}