{"id":1079,"date":"2014-12-07T13:45:56","date_gmt":"2014-12-07T13:45:56","guid":{"rendered":"http:\/\/parafiarososzyca.pl\/?p=1079"},"modified":"2021-02-13T14:30:33","modified_gmt":"2021-02-13T14:30:33","slug":"ii-gminno-dekanalny-konkurs-biblijny","status":"publish","type":"post","link":"https:\/\/parafiarososzyca.pl\/index.php\/2014\/12\/07\/ii-gminno-dekanalny-konkurs-biblijny\/","title":{"rendered":"II Gminno \u2013 Dekanalny Konkurs Biblijny"},"content":{"rendered":"<p style=\"text-align: justify;\">2 grudnia w Szkole Podstawowej w Rososzycy spotkali si\u0119 uczniowie wraz z opiekunami na II Gminno \u2013 Dekanalnym Konkursie Biblijnym. W szranki stan\u0119li przedstawiciele 10 szk\u00f3\u0142: Gostyczyny, Masanowa, Oci\u0105\u017ca, O\u0142oboku, Sieroszewic, Skalmierzyc, Strzy\u017cewa, Wielowsi, Zamo\u015bcia i Rososzycy. Tegorocznym celem konkursowych zmaga\u0144&nbsp; by\u0142a popularyzacja w\u015br\u00f3d uczni\u00f3w klas IV-VI Ewangelii wed\u0142ug \u015bwi\u0119tego \u0141ukasza.<!--more--><\/p>\n<p style=\"text-align: justify;\">Pomys\u0142odawc\u0105 i koordynatorem konkursu jest Miros\u0142awa Kois, kt\u00f3r\u0105 wspomaga\u0142y nauczycielki W. Praczy\u0144ska i J. Wiluk. Po raz drugi wsp\u00f3\u0142organizatorami&nbsp; s\u0105 Szko\u0142a Podstawowa i Parafia \u015bw. Marka Ewangelisty w Rososzycy. W uroczysto\u015bci wr\u0119czenia nagr\u00f3d laureatom udzia\u0142 wzi\u0119\u0142a pani Barbara Stasiak \u2013 dyrektor Gminnego Zespo\u0142u Ekonomicznego Szk\u00f3\u0142 i Przedszkoli oraz pani Daria Olek \u2013 pracownik GZEASiP.<\/p>\n<p>ngg_shortcode_0_placeholder<!--more--><\/p>\n<p style=\"text-align: justify;\"><strong>Wyniki konkursu przedstawiaj\u0105 si\u0119 nast\u0119puj\u0105co:<\/strong><br \/>\nI miejsce: Weronika Mielcarek \u2013 SP Rososzyca<br \/>\nII miejsce: Daria Praczy\u0144ska \u2013 SP Gostyczyna<br \/>\nIII miejsce: Laura Derdas \u2013 SP O\u0142obok<\/p>\n<p style=\"text-align: justify;\"><strong>Komisja przyzna\u0142a trzy wyr\u00f3\u017cnienia dla:<\/strong><br \/>\nAgaty Gmerek ze SP w O\u0142oboku,<br \/>\nGrzegorza Stasiaka ze SP w Oci\u0105\u017cu<br \/>\ni Oliwii Le\u0144skiej ze SP w Strzy\u017cewie.<\/p>\n<p style=\"text-align: justify;\">Pani dyrektor El\u017cbieta Chmura i ks. proboszcz Pawe\u0142 Gu\u017adzio\u0142 pogratulowali wspania\u0142ej wiedzy wszystkim uczestnikom i zaprosili do Rososzycy za rok.<\/p>\n","protected":false},"excerpt":{"rendered":"<p>2 grudnia w Szkole Podstawowej w Rososzycy spotkali si\u0119 uczniowie wraz z opiekunami na II Gminno \u2013 Dekanalnym Konkursie Biblijnym. W szranki stan\u0119li przedstawiciele 10 szk\u00f3\u0142: Gostyczyny, Masanowa, Oci\u0105\u017ca, O\u0142oboku, Sieroszewic, Skalmierzyc, Strzy\u017cewa, Wielowsi, Zamo\u015bcia i Rososzycy. Tegorocznym celem konkursowych zmaga\u0144&nbsp; by\u0142a popularyzacja w\u015br\u00f3d uczni\u00f3w klas IV-VI Ewangelii wed\u0142ug \u015bwi\u0119tego \u0141ukasza.<\/p>\n","protected":false},"author":1,"featured_media":0,"comment_status":"closed","ping_status":"closed","sticky":false,"template":"","format":"standard","meta":{"ngg_post_thumbnail":0,"footnotes":"","_links_to":"","_links_to_target":""},"categories":[2],"tags":[],"class_list":{"0":"entry","1":"post","2":"publish","3":"author-admin","4":"has-more-link","5":"post-1079","7":"format-standard","8":"category-rok2014"},"_links":{"self":[{"href":"https:\/\/parafiarososzyca.pl\/index.php\/wp-json\/wp\/v2\/posts\/1079","targetHints":{"allow":["GET"]}}],"collection":[{"href":"https:\/\/parafiarososzyca.pl\/index.php\/wp-json\/wp\/v2\/posts"}],"about":[{"href":"https:\/\/parafiarososzyca.pl\/index.php\/wp-json\/wp\/v2\/types\/post"}],"author":[{"embeddable":true,"href":"https:\/\/parafiarososzyca.pl\/index.php\/wp-json\/wp\/v2\/users\/1"}],"replies":[{"embeddable":true,"href":"https:\/\/parafiarososzyca.pl\/index.php\/wp-json\/wp\/v2\/comments?post=1079"}],"version-history":[{"count":0,"href":"https:\/\/parafiarososzyca.pl\/index.php\/wp-json\/wp\/v2\/posts\/1079\/revisions"}],"wp:attachment":[{"href":"https:\/\/parafiarososzyca.pl\/index.php\/wp-json\/wp\/v2\/media?parent=1079"}],"wp:term":[{"taxonomy":"category","embeddable":true,"href":"https:\/\/parafiarososzyca.pl\/index.php\/wp-json\/wp\/v2\/categories?post=1079"},{"taxonomy":"post_tag","embeddable":true,"href":"https:\/\/parafiarososzyca.pl\/index.php\/wp-json\/wp\/v2\/tags?post=1079"}],"curies":[{"name":"wp","href":"https:\/\/api.w.org\/{rel}","templated":true}]}}