{"id":1067,"date":"2014-11-15T13:32:15","date_gmt":"2014-11-15T13:32:15","guid":{"rendered":"http:\/\/parafiarososzyca.pl\/?p=1067"},"modified":"2021-02-13T14:33:50","modified_gmt":"2021-02-13T14:33:50","slug":"kalendarz-parafialny-2015","status":"publish","type":"post","link":"https:\/\/parafiarososzyca.pl\/index.php\/2014\/11\/15\/kalendarz-parafialny-2015\/","title":{"rendered":"Kalendarz parafialny 2015"},"content":{"rendered":"<p><img loading=\"lazy\" decoding=\"async\" class=\"alignleft  wp-image-244\" src=\"http:\/\/parafiarososzyca.pl\/wp-content\/uploads\/2014\/01\/kalendarz2015-213x300.jpg\" alt=\"\" width=\"113\" height=\"159\" srcset=\"https:\/\/parafiarososzyca.pl\/wp-content\/uploads\/2014\/01\/kalendarz2015-213x300.jpg 213w, https:\/\/parafiarososzyca.pl\/wp-content\/uploads\/2014\/01\/kalendarz2015-140x198.jpg 140w, https:\/\/parafiarososzyca.pl\/wp-content\/uploads\/2014\/01\/kalendarz2015.jpg 598w\" sizes=\"auto, (max-width: 113px) 100vw, 113px\" \/>Od poniedzia\u0142ku mo\u017cna naby\u0107 w zakrystii kalendarz parafialny na rok 2015.<\/p>\n","protected":false},"excerpt":{"rendered":"<p>Od poniedzia\u0142ku mo\u017cna naby\u0107 w zakrystii kalendarz parafialny na rok 2015.<\/p>\n","protected":false},"author":1,"featured_media":0,"comment_status":"closed","ping_status":"closed","sticky":false,"template":"","format":"standard","meta":{"ngg_post_thumbnail":0,"footnotes":"","_links_to":"","_links_to_target":""},"categories":[2],"tags":[],"class_list":{"0":"entry","1":"post","2":"publish","3":"author-admin","4":"post-1067","6":"format-standard","7":"category-rok2014"},"_links":{"self":[{"href":"https:\/\/parafiarososzyca.pl\/index.php\/wp-json\/wp\/v2\/posts\/1067","targetHints":{"allow":["GET"]}}],"collection":[{"href":"https:\/\/parafiarososzyca.pl\/index.php\/wp-json\/wp\/v2\/posts"}],"about":[{"href":"https:\/\/parafiarososzyca.pl\/index.php\/wp-json\/wp\/v2\/types\/post"}],"author":[{"embeddable":true,"href":"https:\/\/parafiarososzyca.pl\/index.php\/wp-json\/wp\/v2\/users\/1"}],"replies":[{"embeddable":true,"href":"https:\/\/parafiarososzyca.pl\/index.php\/wp-json\/wp\/v2\/comments?post=1067"}],"version-history":[{"count":0,"href":"https:\/\/parafiarososzyca.pl\/index.php\/wp-json\/wp\/v2\/posts\/1067\/revisions"}],"wp:attachment":[{"href":"https:\/\/parafiarososzyca.pl\/index.php\/wp-json\/wp\/v2\/media?parent=1067"}],"wp:term":[{"taxonomy":"category","embeddable":true,"href":"https:\/\/parafiarososzyca.pl\/index.php\/wp-json\/wp\/v2\/categories?post=1067"},{"taxonomy":"post_tag","embeddable":true,"href":"https:\/\/parafiarososzyca.pl\/index.php\/wp-json\/wp\/v2\/tags?post=1067"}],"curies":[{"name":"wp","href":"https:\/\/api.w.org\/{rel}","templated":true}]}}