{"id":10254,"date":"2018-05-14T19:17:44","date_gmt":"2018-05-14T19:17:44","guid":{"rendered":"http:\/\/parafiarososzyca.pl\/?p=10254"},"modified":"2021-02-15T19:38:04","modified_gmt":"2021-02-15T19:38:04","slug":"pierwsza-komunia-swieta-3","status":"publish","type":"post","link":"https:\/\/parafiarososzyca.pl\/index.php\/2018\/05\/14\/pierwsza-komunia-swieta-3\/","title":{"rendered":"Pierwsza Komunia \u015awi\u0119ta"},"content":{"rendered":"<p style=\"text-align: justify;\">13 maja w s\u0142oneczne, niedzielne przedpo\u0142udnie 21 dzieci z naszej parafii po raz pierwszy przyst\u0105pi\u0142o do Pierwszej Komunii \u015awi\u0119tej. Wzruszeni rodzice udzielili dzieciom b\u0142ogos\u0142awie\u0144stwa, nast\u0119pnie odnowione zosta\u0142y przyrzeczenia z Chrztu \u015aw.<\/p>\n<p><a href=\"http:\/\/parafiarososzyca.pl\/wp-content\/uploads\/2014\/01\/komunia2018.jpg\"><img loading=\"lazy\" decoding=\"async\" class=\"aligncenter wp-image-254\" src=\"http:\/\/parafiarososzyca.pl\/wp-content\/uploads\/2014\/01\/komunia2018-300x211.jpg\" alt=\"\" width=\"500\" height=\"352\" srcset=\"https:\/\/parafiarososzyca.pl\/wp-content\/uploads\/2014\/01\/komunia2018-300x211.jpg 300w, https:\/\/parafiarososzyca.pl\/wp-content\/uploads\/2014\/01\/komunia2018-1024x721.jpg 1024w, https:\/\/parafiarososzyca.pl\/wp-content\/uploads\/2014\/01\/komunia2018-768x540.jpg 768w, https:\/\/parafiarososzyca.pl\/wp-content\/uploads\/2014\/01\/komunia2018-1536x1081.jpg 1536w, https:\/\/parafiarososzyca.pl\/wp-content\/uploads\/2014\/01\/komunia2018-2048x1441.jpg 2048w, https:\/\/parafiarososzyca.pl\/wp-content\/uploads\/2014\/01\/komunia2018-140x99.jpg 140w\" sizes=\"auto, (max-width: 500px) 100vw, 500px\" \/><\/a><!--more--><\/p>\n<p style=\"text-align: center;\"><iframe loading=\"lazy\"  id=\"_ytid_45609\"  width=\"700\" height=\"394\"  data-origwidth=\"700\" data-origheight=\"394\" src=\"https:\/\/www.youtube.com\/embed\/nXd6LXoRgIs?enablejsapi=1&autoplay=0&cc_load_policy=0&cc_lang_pref=pl&iv_load_policy=3&loop=0&rel=1&fs=1&playsinline=0&autohide=2&theme=dark&color=red&controls=1&disablekb=0&\" class=\"__youtube_prefs__  no-lazyload\" title=\"YouTube player\"  allow=\"fullscreen; accelerometer; autoplay; clipboard-write; encrypted-media; gyroscope; picture-in-picture; web-share\" referrerpolicy=\"strict-origin-when-cross-origin\" allowfullscreen data-no-lazy=\"1\" data-skipgform_ajax_framebjll=\"\"><\/iframe><\/p>\n<p>ngg_shortcode_0_placeholderngg_shortcode_1_placeholder<\/p>\n","protected":false},"excerpt":{"rendered":"<p>13 maja w s\u0142oneczne, niedzielne przedpo\u0142udnie 21 dzieci z naszej parafii po raz pierwszy przyst\u0105pi\u0142o do Pierwszej Komunii \u015awi\u0119tej. Wzruszeni rodzice udzielili dzieciom b\u0142ogos\u0142awie\u0144stwa, nast\u0119pnie odnowione zosta\u0142y przyrzeczenia z Chrztu \u015aw.<\/p>\n","protected":false},"author":1,"featured_media":0,"comment_status":"closed","ping_status":"closed","sticky":false,"template":"","format":"standard","meta":{"ngg_post_thumbnail":0,"footnotes":"","_links_to":"","_links_to_target":""},"categories":[9],"tags":[],"class_list":{"0":"entry","1":"post","2":"publish","3":"author-admin","4":"has-more-link","5":"post-10254","7":"format-standard","8":"category-rok-2018"},"_links":{"self":[{"href":"https:\/\/parafiarososzyca.pl\/index.php\/wp-json\/wp\/v2\/posts\/10254","targetHints":{"allow":["GET"]}}],"collection":[{"href":"https:\/\/parafiarososzyca.pl\/index.php\/wp-json\/wp\/v2\/posts"}],"about":[{"href":"https:\/\/parafiarososzyca.pl\/index.php\/wp-json\/wp\/v2\/types\/post"}],"author":[{"embeddable":true,"href":"https:\/\/parafiarososzyca.pl\/index.php\/wp-json\/wp\/v2\/users\/1"}],"replies":[{"embeddable":true,"href":"https:\/\/parafiarososzyca.pl\/index.php\/wp-json\/wp\/v2\/comments?post=10254"}],"version-history":[{"count":0,"href":"https:\/\/parafiarososzyca.pl\/index.php\/wp-json\/wp\/v2\/posts\/10254\/revisions"}],"wp:attachment":[{"href":"https:\/\/parafiarososzyca.pl\/index.php\/wp-json\/wp\/v2\/media?parent=10254"}],"wp:term":[{"taxonomy":"category","embeddable":true,"href":"https:\/\/parafiarososzyca.pl\/index.php\/wp-json\/wp\/v2\/categories?post=10254"},{"taxonomy":"post_tag","embeddable":true,"href":"https:\/\/parafiarososzyca.pl\/index.php\/wp-json\/wp\/v2\/tags?post=10254"}],"curies":[{"name":"wp","href":"https:\/\/api.w.org\/{rel}","templated":true}]}}