{"id":1019,"date":"2014-08-15T13:11:26","date_gmt":"2014-08-15T13:11:26","guid":{"rendered":"http:\/\/parafiarososzyca.pl\/?p=1019"},"modified":"2021-02-13T14:11:19","modified_gmt":"2021-02-13T14:11:19","slug":"iii-rowerowa-pielgrzymka-do-matki-bozej-skalmierzyckiej","status":"publish","type":"post","link":"https:\/\/parafiarososzyca.pl\/index.php\/2014\/08\/15\/iii-rowerowa-pielgrzymka-do-matki-bozej-skalmierzyckiej\/","title":{"rendered":"III rowerowa pielgrzymka do Matki Bo\u017cej Skalmierzyckiej"},"content":{"rendered":"<p>Po raz trzeci pielgrzymi z parafii \u015bw. Marka Ewangelisty w Rososzycy wyruszyli rowerami do Skalmierzyc by odda\u0107 pok\u0142on Matce Bo\u017cej Wniebowzi\u0119tej w Jej cudownym wizerunku przedstawiaj\u0105cym Maryj\u0119 trzymaj\u0105c\u0105 na lewym ramieniu dzieci\u0105tko . W prawej d\u0142oni Matki Bo\u017cej umieszczono ber\u0142o \u2013 symbol w\u0142adzy kr\u00f3lewskiej.<!--more--><\/p>\n<p>ngg_shortcode_0_placeholderKult Maryi w Skalmierzycach datowany jest od XV wieku. Dowodem cud\u00f3w i \u0142ask otrzymanych za po\u015brednictwem Matki Bo\u017cej s\u0105 liczne wota. W\u015br\u00f3d nich najcenniejszym jest srebrny ryngraf z roku 1634, podarowany przez kr\u00f3la W\u0142adys\u0142awa IV Waz\u0119 w podzi\u0119kowaniu za zwyci\u0119stwo nad Turkami. 4 wrze\u015bnia 1966 roku prymas Polski kardyna\u0142 Stefan Wyszy\u0144ski dokona\u0142 koronacji obrazu koronami po\u015bwi\u0119conymi przez papie\u017ca Paw\u0142a VI.<\/p>\n<p>W czasie tegorocznej Eucharystii bp ordynariusz Edward Janiak przypomnia\u0142 r\u00f3wnie\u017c wa\u017cn\u0105 dat\u0119 cudu nad Wis\u0142\u0105 (1920r) bitwy, kt\u00f3ra zmieni\u0142a histori\u0119 \u015bwiata, wskaza\u0142 te\u017c na wszystkich tych naszych przodk\u00f3w cz\u0119sto dla nas bezimiennych, kt\u00f3rzy oddali \u017cycie za nasz\u0105 ojczyzn\u0119.<\/p>\n","protected":false},"excerpt":{"rendered":"<p>Po raz trzeci pielgrzymi z parafii \u015bw. Marka Ewangelisty w Rososzycy wyruszyli rowerami do Skalmierzyc by odda\u0107 pok\u0142on Matce Bo\u017cej Wniebowzi\u0119tej w Jej cudownym wizerunku przedstawiaj\u0105cym Maryj\u0119 trzymaj\u0105c\u0105 na lewym ramieniu dzieci\u0105tko . W prawej d\u0142oni Matki Bo\u017cej umieszczono ber\u0142o \u2013 symbol w\u0142adzy kr\u00f3lewskiej.<\/p>\n","protected":false},"author":1,"featured_media":0,"comment_status":"closed","ping_status":"closed","sticky":false,"template":"","format":"standard","meta":{"ngg_post_thumbnail":0,"footnotes":"","_links_to":"","_links_to_target":""},"categories":[2],"tags":[],"class_list":{"0":"entry","1":"post","2":"publish","3":"author-admin","4":"has-more-link","5":"post-1019","7":"format-standard","8":"category-rok2014"},"_links":{"self":[{"href":"https:\/\/parafiarososzyca.pl\/index.php\/wp-json\/wp\/v2\/posts\/1019","targetHints":{"allow":["GET"]}}],"collection":[{"href":"https:\/\/parafiarososzyca.pl\/index.php\/wp-json\/wp\/v2\/posts"}],"about":[{"href":"https:\/\/parafiarososzyca.pl\/index.php\/wp-json\/wp\/v2\/types\/post"}],"author":[{"embeddable":true,"href":"https:\/\/parafiarososzyca.pl\/index.php\/wp-json\/wp\/v2\/users\/1"}],"replies":[{"embeddable":true,"href":"https:\/\/parafiarososzyca.pl\/index.php\/wp-json\/wp\/v2\/comments?post=1019"}],"version-history":[{"count":0,"href":"https:\/\/parafiarososzyca.pl\/index.php\/wp-json\/wp\/v2\/posts\/1019\/revisions"}],"wp:attachment":[{"href":"https:\/\/parafiarososzyca.pl\/index.php\/wp-json\/wp\/v2\/media?parent=1019"}],"wp:term":[{"taxonomy":"category","embeddable":true,"href":"https:\/\/parafiarososzyca.pl\/index.php\/wp-json\/wp\/v2\/categories?post=1019"},{"taxonomy":"post_tag","embeddable":true,"href":"https:\/\/parafiarososzyca.pl\/index.php\/wp-json\/wp\/v2\/tags?post=1019"}],"curies":[{"name":"wp","href":"https:\/\/api.w.org\/{rel}","templated":true}]}}