{"id":10167,"date":"2018-04-25T18:51:23","date_gmt":"2018-04-25T18:51:23","guid":{"rendered":"http:\/\/parafiarososzyca.pl\/?p=10167"},"modified":"2021-02-15T18:52:13","modified_gmt":"2021-02-15T18:52:13","slug":"10167","status":"publish","type":"post","link":"https:\/\/parafiarososzyca.pl\/index.php\/2018\/04\/25\/10167\/","title":{"rendered":"Odpust \u015bw. Marka Ewangelisty"},"content":{"rendered":"<p style=\"text-align: justify;\">Patronem naszej parafii jest \u015bw. Marek Ewangelista. Rososzyca jest jedyn\u0105 parafi\u0105 pod tym wezwaniem w naszej diecezji.&nbsp; Po Eucharystii ks. proboszcz Pawe\u0142 Gu\u017adzio\u0142 zaprosza na odpustowe ciasto i kaw\u0119.<\/p>\n","protected":false},"excerpt":{"rendered":"<p>Patronem naszej parafii jest \u015bw. Marek Ewangelista. Rososzyca jest jedyn\u0105 parafi\u0105 pod tym wezwaniem w naszej diecezji.&nbsp; Po Eucharystii ks. proboszcz Pawe\u0142 Gu\u017adzio\u0142 zaprosza na odpustowe ciasto i kaw\u0119.<\/p>\n","protected":false},"author":1,"featured_media":0,"comment_status":"closed","ping_status":"closed","sticky":false,"template":"","format":"standard","meta":{"ngg_post_thumbnail":0,"footnotes":"","_links_to":"","_links_to_target":""},"categories":[9],"tags":[],"class_list":{"0":"entry","1":"post","2":"publish","3":"author-admin","4":"post-10167","6":"format-standard","7":"category-rok-2018"},"_links":{"self":[{"href":"https:\/\/parafiarososzyca.pl\/index.php\/wp-json\/wp\/v2\/posts\/10167","targetHints":{"allow":["GET"]}}],"collection":[{"href":"https:\/\/parafiarososzyca.pl\/index.php\/wp-json\/wp\/v2\/posts"}],"about":[{"href":"https:\/\/parafiarososzyca.pl\/index.php\/wp-json\/wp\/v2\/types\/post"}],"author":[{"embeddable":true,"href":"https:\/\/parafiarososzyca.pl\/index.php\/wp-json\/wp\/v2\/users\/1"}],"replies":[{"embeddable":true,"href":"https:\/\/parafiarososzyca.pl\/index.php\/wp-json\/wp\/v2\/comments?post=10167"}],"version-history":[{"count":0,"href":"https:\/\/parafiarososzyca.pl\/index.php\/wp-json\/wp\/v2\/posts\/10167\/revisions"}],"wp:attachment":[{"href":"https:\/\/parafiarososzyca.pl\/index.php\/wp-json\/wp\/v2\/media?parent=10167"}],"wp:term":[{"taxonomy":"category","embeddable":true,"href":"https:\/\/parafiarososzyca.pl\/index.php\/wp-json\/wp\/v2\/categories?post=10167"},{"taxonomy":"post_tag","embeddable":true,"href":"https:\/\/parafiarososzyca.pl\/index.php\/wp-json\/wp\/v2\/tags?post=10167"}],"curies":[{"name":"wp","href":"https:\/\/api.w.org\/{rel}","templated":true}]}}